{"id":3510,"date":"2010-04-28T11:01:40","date_gmt":"2010-04-28T09:01:40","guid":{"rendered":"http:\/\/nachrichten.iwanowski.de\/2010-04-28\/allgemein\/malta-ladt-ein-zur-festasaison.html"},"modified":"2010-04-28T11:01:40","modified_gmt":"2010-04-28T09:01:40","slug":"malta-ladt-ein-zur-festasaison","status":"publish","type":"post","link":"https:\/\/www.iwanowski.de\/blog\/malta-ladt-ein-zur-festasaison\/","title":{"rendered":"Malta l\u00e4dt ein zur Festasaison"},"content":{"rendered":"<p>In den Monaten Mai bis September lohnt sich ein Besuch der sonnigen und geschichtstr\u00e4chtigen Insel Malta besonders. Malta befindet sich 95 km s\u00fcdlich von Sizilien im Herzen des Mittelmeers und ist von Deutschland aus in weniger als drei Stunden bequem und direkt zu erreichen.<\/p>\n<p>Die Insel ist stark katholisch gepr\u00e4gt und ihr Kirchenjahr besteht aus einer gro\u00dfen Vielfalt von Festen und Feiertagen. Von Mai bis September k\u00f6nnen Malta-Urlauber jedoch Zeuge einer\u00a0 ganz besonderen Tradition werden, denn in diesen Monaten begehen zahlreiche D\u00f6rfer und St\u00e4dte die \u201eFesta\u201c-Saison. \u201eFestas\u201c sind einw\u00f6chige Patronatsfeste zu Ehren eines Stadt- oder Dorfheiligen und bereits seit dem 16. Jahrhundert \u00fcberliefert. Die Festwoche ist der H\u00f6hepunkt im Veranstaltungskalender einer jeden Pfarrgemeinde und das Ergebnis monatelanger Vorbereitungen ehrenamtlicher B\u00fcrger. Die Feierlichkeiten sind von zahlreichen Messen und Gebeten f\u00fcr den Schutzheiligen gepr\u00e4gt, dessen Statue von jungen M\u00e4nnern geschultert und &#8211; begleitet von Blasmusik, Konfettiregen und frenetischem Applaus &#8211; durch die Stra\u00dfen getragen wird.<\/p>\n<p>H\u00f6hepunkt und Abschluss einer jeden Festa, die besonders in den Abendstunden einen mitrei\u00dfenden Volksfestcharakter aufweist, ist ein prunkvolles und aufw\u00e4ndiges Feuerwerk, das von den Einheimischen selbst entworfen und hergestellt wird. Feuerwerke sind ein fester und wichtiger Bestandteil der maltesischen Kultur.<\/p>\n<p>Urlauber sind jederzeit herzlich willkommen, gemeinsam mit den Einheimischen eine Festa zu erleben. Eine \u201eFesta\u201c-\u00dcbersicht der D\u00f6rfer und St\u00e4dte ist unter <a href=\"http:\/\/www.visitmalta.com\" target=\"_blank\" data-wpel-link=\"external\" rel=\"nofollow noopener noreferrer\" class=\"ext-link\">www.visitmalta.com<\/a>\/village-festas als PDF-Dokument abrufbar.<\/p>\n<p>Quelle: Fremdenverkehrsamt Malta<\/p>\n<p>Ausf\u00fchrliche Infos f\u00fcr Individual-Reisende finden Sie in <a href=\"http:\/\/www.iwanowski.de\/europa\/malta-mit-gozo\/139-malta-mit-gozo.html\" title=\"Reisef\u00fchrer Malta mit Gozo\" data-wpel-link=\"external\" target=\"_blank\" rel=\"nofollow noopener noreferrer\" class=\"ext-link\">Iwanowski\u00b4s Reisehandbuch Malta mit Gozo.<\/a> Der\u00a0 Versand der B\u00fccher innerhalb Deutschlands ist kostenlos.<\/p>\n<p><a href=\"http:\/\/nachrichten.iwanowski.de\/wp-content\/uploads\/2009\/09\/malta.jpg\" title=\"Reisef\u00fchrer Malta mit Gozo\" data-wpel-link=\"external\" target=\"_blank\" rel=\"nofollow noopener noreferrer\" class=\"ext-link\"><img decoding=\"async\" src=\"http:\/\/nachrichten.iwanowski.de\/wp-content\/uploads\/2009\/09\/malta.thumbnail.jpg\" alt=\"Reisef\u00fchrer Malta mit Gozo\" \/><\/a><\/p>","protected":false},"excerpt":{"rendered":"<p>In den Monaten Mai bis September lohnt sich ein Besuch der sonnigen und geschichtstr\u00e4chtigen Insel Malta besonders. Malta befindet sich 95 km s\u00fcdlich von Sizilien im Herzen des Mittelmeers und ist von Deutschland aus in weniger als drei Stunden bequem und direkt zu erreichen. Die&hellip; <a class=\"read-more\" href=\"https:\/\/www.iwanowski.de\/blog\/malta-ladt-ein-zur-festasaison\/\" data-wpel-link=\"internal\">Weiterlesen<\/a><\/p>\n","protected":false},"author":2,"featured_media":0,"comment_status":"open","ping_status":"open","sticky":false,"template":"","format":"standard","meta":{"ngg_post_thumbnail":0,"footnotes":""},"categories":[1,6,37],"tags":[4479,4480,4478,4481,7088],"class_list":["post-3510","post","type-post","status-publish","format-standard","hentry","category-allgemein","category-europa","category-malta","tag-festa","tag-festa-saison","tag-feste","tag-feuerwerk","tag-malta"],"_links":{"self":[{"href":"https:\/\/www.iwanowski.de\/blog\/wp-json\/wp\/v2\/posts\/3510","targetHints":{"allow":["GET"]}}],"collection":[{"href":"https:\/\/www.iwanowski.de\/blog\/wp-json\/wp\/v2\/posts"}],"about":[{"href":"https:\/\/www.iwanowski.de\/blog\/wp-json\/wp\/v2\/types\/post"}],"author":[{"embeddable":true,"href":"https:\/\/www.iwanowski.de\/blog\/wp-json\/wp\/v2\/users\/2"}],"replies":[{"embeddable":true,"href":"https:\/\/www.iwanowski.de\/blog\/wp-json\/wp\/v2\/comments?post=3510"}],"version-history":[{"count":0,"href":"https:\/\/www.iwanowski.de\/blog\/wp-json\/wp\/v2\/posts\/3510\/revisions"}],"wp:attachment":[{"href":"https:\/\/www.iwanowski.de\/blog\/wp-json\/wp\/v2\/media?parent=3510"}],"wp:term":[{"taxonomy":"category","embeddable":true,"href":"https:\/\/www.iwanowski.de\/blog\/wp-json\/wp\/v2\/categories?post=3510"},{"taxonomy":"post_tag","embeddable":true,"href":"https:\/\/www.iwanowski.de\/blog\/wp-json\/wp\/v2\/tags?post=3510"}],"curies":[{"name":"wp","href":"https:\/\/api.w.org\/{rel}","templated":true}]}}