{"id":32380,"date":"2026-01-22T09:17:39","date_gmt":"2026-01-22T07:17:39","guid":{"rendered":"https:\/\/www.iwanowski.de\/blog\/?p=32380"},"modified":"2026-01-22T09:17:39","modified_gmt":"2026-01-22T07:17:39","slug":"oulu","status":"publish","type":"post","link":"https:\/\/www.iwanowski.de\/blog\/oulu\/","title":{"rendered":"Die nordfinnische Stadt Oulu ist Kulturhauptstadt 2026"},"content":{"rendered":"<p>Oulu ist die gr\u00f6\u00dfte Stadt im Norden Finnlands und verspricht ihren Besuchern arktisches Lebensgef\u00fchl in einer lebhaften urbanen Umgebung. Oulu ist f\u00fcr 2026 neben der slowakischen Stadt Trencin als Kulturhauptstadt Europas ausgezeichnet worden. Das Veranstaltungsprogramm zur Auszeichnung steht unter dem Motto \u201eKultureller Klimawandel\u201c.<\/p>\n<p>Die Er\u00f6ffnungsfeier zum Veranstaltungsprogramm fand j\u00fcngst auf dem Marktplatz der Stadt statt, der finnische Pr\u00e4sident Alexander Stubb trotzte Schnee und Minusgraden mit Humor und dem Slogan \u201eOulu \u2013 sogar noch cooler als man denkt\u201c.<\/p>\n<div id=\"attachment_32381\" style=\"width: 760px\" class=\"wp-caption aligncenter\"><a href=\"https:\/\/www.iwanowski.de\/blog\/wp-content\/uploads\/2026\/01\/Oulu1.jpg\" data-wpel-link=\"internal\"><img loading=\"lazy\" decoding=\"async\" aria-describedby=\"caption-attachment-32381\" class=\"wp-image-32381 size-full\" src=\"https:\/\/www.iwanowski.de\/blog\/wp-content\/uploads\/2026\/01\/Oulu1.jpg\" alt=\"\" width=\"750\" height=\"489\" srcset=\"https:\/\/www.iwanowski.de\/blog\/wp-content\/uploads\/2026\/01\/Oulu1.jpg 750w, https:\/\/www.iwanowski.de\/blog\/wp-content\/uploads\/2026\/01\/Oulu1-300x196.jpg 300w\" sizes=\"auto, (max-width: 750px) 100vw, 750px\" \/><\/a><p id=\"caption-attachment-32381\" class=\"wp-caption-text\">Der Marktplatz von Oulu im Sommer. | Foto: Visit Finnland<\/p><\/div>\n<div id=\"attachment_32382\" style=\"width: 360px\" class=\"wp-caption alignright\"><a href=\"https:\/\/www.iwanowski.de\/blog\/wp-content\/uploads\/2026\/01\/Oulu2_350px.jpg\" data-wpel-link=\"internal\"><img loading=\"lazy\" decoding=\"async\" aria-describedby=\"caption-attachment-32382\" class=\"wp-image-32382 size-full\" src=\"https:\/\/www.iwanowski.de\/blog\/wp-content\/uploads\/2026\/01\/Oulu2_350px.jpg\" alt=\"\" width=\"350\" height=\"474\" srcset=\"https:\/\/www.iwanowski.de\/blog\/wp-content\/uploads\/2026\/01\/Oulu2_350px.jpg 350w, https:\/\/www.iwanowski.de\/blog\/wp-content\/uploads\/2026\/01\/Oulu2_350px-222x300.jpg 222w\" sizes=\"auto, (max-width: 350px) 100vw, 350px\" \/><\/a><p id=\"caption-attachment-32382\" class=\"wp-caption-text\">Im Turm der ehemaligen Seefahrerschule befindet sich ein Caf\u00e9 mit einer tollen Aussicht auf den Ouluer Stadtteil Pikisaari | Foto: Visit Finnland<\/p><\/div>\n<p>Die Er\u00f6ffnungsfeier war gleichzeitig der Startschuss f\u00fcr drei gro\u00dfe Ausstellungen zum Kulturjahr: Das Rathaus schm\u00fcckt eine immersive Installation mit dem Titel \u201eSchichten in der Friedensmaschine\u201c, das Fotokunst-Museum Fotografiska Talinn bringt die Ausstellung PLAY nach Finnland, die Lust auf eine Zukunft machen soll, in der Kreativit\u00e4t und Gemeinschaftsgeist an vorderster Stelle stehen, und das Kunstmuseum Oulus pr\u00e4sentiert unter dem Titel \u201eEanangiella\u201c Sch\u00f6nheit, Vielfalt und Resilienz der samischen Kultur.<\/p>\n<p>Zu den Veranstaltungen, die f\u00fcr 2026 geplant sind, geh\u00f6ren ein Festival f\u00fcr elektronische Musik auf dem Eis, das internationale Schneeskultpturenfestival \u201eSnowfest\u201c und die Weltmeisterschaft im Winterschwimmen.<\/p>\n<p>Unter dem \u00dcberbegriff \u201eRisku\u201c stehen diverse Veranstaltungen aus dem Jahreskalender der Kulturhauptstadt, die die Traditionen und Kultur der Samen in den Mittelpunkt stellen, wie die Oper \u201eOvil\u00e1\u201c des samischen Dramatikers Siri Broch Johansen und die Feier des Nationalfeiertags des indigenen Volkes am 6. Februar.<\/p>\n<p>Weitere Infos zu dem Veranstaltungsprogramm zum Kulturhauptstadtjahr in Oulu finden Sie unter <a href=\"https:\/\/oulu2026.eu\/en\/willkommen-in-oulu\" data-wpel-link=\"external\" target=\"_blank\" rel=\"nofollow noopener noreferrer\" class=\"ext-link\">https:\/\/oulu2026.eu\/en\/willkommen-in-oulu<\/a><\/p>\n<p><strong><div class=\"red-box\"><\/strong><\/p>\n<p><em> <a href=\"https:\/\/www.iwanowski.de\/shop\/finnland-reisefuehrer-von-iwanowski\/\" data-wpel-link=\"external\" target=\"_blank\" rel=\"nofollow noopener noreferrer\" class=\"ext-link\"><img loading=\"lazy\" decoding=\"async\" class=\"alignleft wp-image-32383\" src=\"https:\/\/www.iwanowski.de\/blog\/wp-content\/uploads\/2026\/01\/Finnland_2025_3D_Cover-500x710-1.jpg\" alt=\"\" width=\"283\" height=\"402\" srcset=\"https:\/\/www.iwanowski.de\/blog\/wp-content\/uploads\/2026\/01\/Finnland_2025_3D_Cover-500x710-1.jpg 500w, https:\/\/www.iwanowski.de\/blog\/wp-content\/uploads\/2026\/01\/Finnland_2025_3D_Cover-500x710-1-211x300.jpg 211w\" sizes=\"auto, (max-width: 283px) 100vw, 283px\" \/><\/a>Finnland, das \u201eLand der Tausend Seen\u201c, versetzt Urlauber mit seiner Weite, der urspr\u00fcnglichen Natur und tiefen Stille ins Schw\u00e4rmen: ein Eindruck, der s\u00fcchtig macht, weshalb Finnland-Reisende oft zu \u201eWiederholungst\u00e4tern\u201c werden. Erst wer selbst einmal an einem finnischen Gew\u00e4sser gestanden und dessen Widerspiegelung des Lichts erfahren, die unendliche Ruhe \u201egeh\u00f6rt\u201c hat und sich eins mit der Natur f\u00fchlt, der kennt Finnland wirklich.<\/em><\/p>\n<p><strong>Judith Rixen<\/strong> pr\u00e4sentiert in <a href=\"https:\/\/www.iwanowski.de\/shop\/finnland-reisefuehrer-von-iwanowski\/\" data-wpel-link=\"external\" target=\"_blank\" rel=\"nofollow noopener noreferrer\" class=\"ext-link\">IWANOWSKI&#8217;S FINNLAND<\/a> sowohl landschaftliche Highlights als auch St\u00e4dte wie Helsinki, Turku oder Vaasa samt ihrer interessanten Geschichte. Alte Feldstein- und Holzkirchen, moderne Bauten, dazu eine lebhafte Musik- und Festivalszene sorgen f\u00fcr spannende Kontrastpunkte zum Naturerlebnis. Sportbegeisterte k\u00f6nnen aus einer F\u00fclle an Outdoor-Aktivit\u00e4ten w\u00e4hlen.<\/p>\n<p><a href=\"https:\/\/www.iwanowski.de\/shop\/finnland-reisefuehrer-von-iwanowski\/\" data-wpel-link=\"external\" target=\"_blank\" rel=\"nofollow noopener noreferrer\" class=\"ext-link\"><em>Finnland \u2013 Reisef\u00fchrer von Iwanowski<\/em><\/a><br \/>\n<em>27,95 \u20ac (D) | 28,70 \u20ac (A)<\/em><br \/>\n<em>ISBN 978-3-86197-273-0<\/em><br \/>\n<em>560 Seiten. Broschiert. Zahlreiche Abbildungen und Karten. Durchgehend farbig. Mit herausnehmbarer Reisekarte und Karten-Download.<\/em><\/p>\n<\/div><\/p>","protected":false},"excerpt":{"rendered":"<p>Oulu ist die gr\u00f6\u00dfte Stadt im Norden Finnlands und verspricht ihren Besuchern arktisches Lebensgef\u00fchl in einer lebhaften urbanen Umgebung. Oulu ist f\u00fcr 2026 neben der slowakischen Stadt Trencin als Kulturhauptstadt Europas ausgezeichnet worden. Das Veranstaltungsprogramm zur Auszeichnung steht unter dem Motto \u201eKultureller Klimawandel\u201c. Die Er\u00f6ffnungsfeier&hellip; <a class=\"read-more\" href=\"https:\/\/www.iwanowski.de\/blog\/oulu\/\" data-wpel-link=\"internal\">Weiterlesen<\/a><\/p>\n","protected":false},"author":314,"featured_media":32384,"comment_status":"open","ping_status":"open","sticky":false,"template":"","format":"standard","meta":{"ngg_post_thumbnail":0,"footnotes":""},"categories":[6,19,7133,7130,7126],"tags":[7074,7244,7245,7243,755],"class_list":["post-32380","post","type-post","status-publish","format-standard","has-post-thumbnail","hentry","category-europa","category-finnland","category-kunst-kultur","category-news","category-themen","tag-finnland","tag-kulturhauptstadt","tag-nordfinnland","tag-oulu","tag-sami"],"_links":{"self":[{"href":"https:\/\/www.iwanowski.de\/blog\/wp-json\/wp\/v2\/posts\/32380","targetHints":{"allow":["GET"]}}],"collection":[{"href":"https:\/\/www.iwanowski.de\/blog\/wp-json\/wp\/v2\/posts"}],"about":[{"href":"https:\/\/www.iwanowski.de\/blog\/wp-json\/wp\/v2\/types\/post"}],"author":[{"embeddable":true,"href":"https:\/\/www.iwanowski.de\/blog\/wp-json\/wp\/v2\/users\/314"}],"replies":[{"embeddable":true,"href":"https:\/\/www.iwanowski.de\/blog\/wp-json\/wp\/v2\/comments?post=32380"}],"version-history":[{"count":4,"href":"https:\/\/www.iwanowski.de\/blog\/wp-json\/wp\/v2\/posts\/32380\/revisions"}],"predecessor-version":[{"id":32388,"href":"https:\/\/www.iwanowski.de\/blog\/wp-json\/wp\/v2\/posts\/32380\/revisions\/32388"}],"wp:featuredmedia":[{"embeddable":true,"href":"https:\/\/www.iwanowski.de\/blog\/wp-json\/wp\/v2\/media\/32384"}],"wp:attachment":[{"href":"https:\/\/www.iwanowski.de\/blog\/wp-json\/wp\/v2\/media?parent=32380"}],"wp:term":[{"taxonomy":"category","embeddable":true,"href":"https:\/\/www.iwanowski.de\/blog\/wp-json\/wp\/v2\/categories?post=32380"},{"taxonomy":"post_tag","embeddable":true,"href":"https:\/\/www.iwanowski.de\/blog\/wp-json\/wp\/v2\/tags?post=32380"}],"curies":[{"name":"wp","href":"https:\/\/api.w.org\/{rel}","templated":true}]}}