{"id":32363,"date":"2026-01-20T12:14:38","date_gmt":"2026-01-20T10:14:38","guid":{"rendered":"https:\/\/www.iwanowski.de\/blog\/?p=32363"},"modified":"2026-01-20T12:24:51","modified_gmt":"2026-01-20T10:24:51","slug":"omatag","status":"publish","type":"post","link":"https:\/\/www.iwanowski.de\/blog\/omatag\/","title":{"rendered":"Oma- und Opatag: Polen ehrt die Gro\u00dfeltern"},"content":{"rendered":"<p>In den Kinderg\u00e4rten und Vorschulen in Polen gibt es allj\u00e4hrlich zu Ehren der Gro\u00dfeltern besondere Tage: Am 21. Januar feiert man den \u201eOmatag\u201c <em>(Dzien Babci)<\/em> und am 22. Januar den \u201eOpatag\u201c <em>(Dzien Dziadka).<\/em><\/p>\n<p>Man l\u00e4dt beide zu Kaffee und Kuchen o. \u00e4.&nbsp; ein und tr\u00e4gt Lieder und Gedichte vor, viele Kinderg\u00e4rten in Polen veranstalten Auff\u00fchrungen f\u00fcr die Gro\u00dfeltern. Ein herzerw\u00e4rmender Tag f\u00fcr alle \u2013 eine Tradition als Br\u00fccke zwischen den Generationen und als Dank.<\/p>\n<div id=\"attachment_32365\" style=\"width: 760px\" class=\"wp-caption aligncenter\"><a href=\"https:\/\/www.iwanowski.de\/blog\/wp-content\/uploads\/2026\/01\/Omatag_750px.jpg\" data-wpel-link=\"internal\"><img loading=\"lazy\" decoding=\"async\" aria-describedby=\"caption-attachment-32365\" class=\"wp-image-32365 size-full\" src=\"https:\/\/www.iwanowski.de\/blog\/wp-content\/uploads\/2026\/01\/Omatag_750px.jpg\" alt=\"\" width=\"750\" height=\"384\" srcset=\"https:\/\/www.iwanowski.de\/blog\/wp-content\/uploads\/2026\/01\/Omatag_750px.jpg 750w, https:\/\/www.iwanowski.de\/blog\/wp-content\/uploads\/2026\/01\/Omatag_750px-300x154.jpg 300w\" sizes=\"auto, (max-width: 750px) 100vw, 750px\" \/><\/a><p id=\"caption-attachment-32365\" class=\"wp-caption-text\">Zum Oma- und Opatag wird f\u00fcr polnische Gro\u00dfeltern gebastelt und gebacken. | Foto: Michael Iwanowski<\/p><\/div>\n<div id=\"attachment_32370\" style=\"width: 310px\" class=\"wp-caption alignright\"><a href=\"https:\/\/www.iwanowski.de\/blog\/wp-content\/uploads\/2026\/01\/Cwiklinska_350px.jpg\" data-wpel-link=\"internal\"><img loading=\"lazy\" decoding=\"async\" aria-describedby=\"caption-attachment-32370\" class=\"wp-image-32370\" src=\"https:\/\/www.iwanowski.de\/blog\/wp-content\/uploads\/2026\/01\/Cwiklinska_350px.jpg\" alt=\"\" width=\"300\" height=\"411\" srcset=\"https:\/\/www.iwanowski.de\/blog\/wp-content\/uploads\/2026\/01\/Cwiklinska_350px.jpg 350w, https:\/\/www.iwanowski.de\/blog\/wp-content\/uploads\/2026\/01\/Cwiklinska_350px-219x300.jpg 219w\" sizes=\"auto, (max-width: 300px) 100vw, 300px\" \/><\/a><p id=\"caption-attachment-32370\" class=\"wp-caption-text\">Die Schauspielerin Mieczyslawa Cwiklinska, bevor sie sich als perfekte Gro\u00dfmutter in die Herzen der polnischen Theaterg\u00e4nger spielte.<\/p><\/div>\n<p>Polen war das erste Land, das 1965 einen speziellen Feiertag f\u00fcr Gro\u00dfm\u00fctter einf\u00fchrt, urspr\u00fcnglich zu Ehren des 85. Geburtstags der Schauspielerin Mieczyslawa Cwiklinska, die in dem B\u00fchnenst\u00fcck \u201eB\u00e4ume sterben aufrecht\u201c eine besonders gewitzte Gro\u00dfmutter dargestellt hat.&nbsp;<\/p>\n<p>Die Tradition wurde sp\u00e4ter um den Tag f\u00fcr die Gro\u00dfv\u00e4ter erweitert. Eine sch\u00f6ne, wenn auch junge Tradition, denn Gro\u00dfeltern leisten im familienorientierten Polen sehr viel Hilfe und Unterst\u00fctzung.<\/p>\n<p><a href=\"https:\/\/www.iwanowski.de\/blog\/wp-content\/uploads\/2026\/01\/UnterschriftmitBild.jpg\" data-wpel-link=\"internal\"><img loading=\"lazy\" decoding=\"async\" class=\"size-full wp-image-32350 aligncenter\" src=\"https:\/\/www.iwanowski.de\/blog\/wp-content\/uploads\/2026\/01\/UnterschriftmitBild.jpg\" alt=\"\" width=\"750\" height=\"190\" srcset=\"https:\/\/www.iwanowski.de\/blog\/wp-content\/uploads\/2026\/01\/UnterschriftmitBild.jpg 750w, https:\/\/www.iwanowski.de\/blog\/wp-content\/uploads\/2026\/01\/UnterschriftmitBild-300x76.jpg 300w\" sizes=\"auto, (max-width: 750px) 100vw, 750px\" \/><\/a><\/p>\n<p><strong><div class=\"red-box\"><\/strong><\/p>\n<p><em> <a href=\"https:\/\/www.iwanowski.de\/shop\/polen-reisefuehrer-von-iwanowski\/\" data-wpel-link=\"external\" target=\"_blank\" rel=\"nofollow noopener noreferrer\" class=\"ext-link\"><img loading=\"lazy\" decoding=\"async\" class=\"alignleft wp-image-31562 size-full\" src=\"https:\/\/www.iwanowski.de\/blog\/wp-content\/uploads\/2025\/02\/Polen_2020_mit_buch_low_rgb_72dpi.jpg\" alt=\"\" width=\"283\" height=\"402\" srcset=\"https:\/\/www.iwanowski.de\/blog\/wp-content\/uploads\/2025\/02\/Polen_2020_mit_buch_low_rgb_72dpi.jpg 283w, https:\/\/www.iwanowski.de\/blog\/wp-content\/uploads\/2025\/02\/Polen_2020_mit_buch_low_rgb_72dpi-211x300.jpg 211w\" sizes=\"auto, (max-width: 283px) 100vw, 283px\" \/><\/a>Das Reiseziel Polen hat etliches zu bieten: spannende St\u00e4dte im ganzen Land, Berge im S\u00fcden, das Meer im Norden \u2026 In <a href=\"https:\/\/www.iwanowski.de\/shop\/polen-reisefuehrer-von-iwanowski\/\" target=\"_blank\" rel=\"noopener nofollow noreferrer\" data-wpel-link=\"external\" class=\"ext-link\">Iwanowski\u2019s Reisehandbuch Polen<\/a> liefert Dr. Gabriel Gach sowohl zahlreiche Hintergrundinformationen als auch praktische Hinweise in acht thematischen Routen zu besonderen Reisezielen.<\/em><\/p>\n<p><a href=\"https:\/\/www.iwanowski.de\/shop\/polen-reisefuehrer-von-iwanowski\/\" data-wpel-link=\"external\" target=\"_blank\" rel=\"nofollow noopener noreferrer\" class=\"ext-link\"><em>Polen \u2013 Reisef\u00fchrer von Iwanowski<\/em><\/a><br \/>\n<em>25,95 \u20ac (D) | 26,70 \u20ac (A)<\/em><br \/>\n<em>ISBN 978-3-86197-235-8<\/em><br \/>\n<em>464 Seiten. Broschiert. Zahlreiche Abbildungen und Karten. Durchgehend farbig. Mit herausnehmbarer Reisekarte und Karten-Download.<\/em><\/p>\n<\/div><\/p>","protected":false},"excerpt":{"rendered":"<p>In den Kinderg\u00e4rten und Vorschulen in Polen gibt es allj\u00e4hrlich zu Ehren der Gro\u00dfeltern besondere Tage: Am 21. Januar feiert man den \u201eOmatag\u201c (Dzien Babci) und am 22. Januar den \u201eOpatag\u201c (Dzien Dziadka). Man l\u00e4dt beide zu Kaffee und Kuchen o. \u00e4.&nbsp; ein und tr\u00e4gt&hellip; <a class=\"read-more\" href=\"https:\/\/www.iwanowski.de\/blog\/omatag\/\" data-wpel-link=\"internal\">Weiterlesen<\/a><\/p>\n","protected":false},"author":314,"featured_media":32367,"comment_status":"open","ping_status":"open","sticky":false,"template":"","format":"standard","meta":{"ngg_post_thumbnail":0,"footnotes":""},"categories":[6,67,7126],"tags":[7239,7240,7237,7238,7105],"class_list":["post-32363","post","type-post","status-publish","format-standard","has-post-thumbnail","hentry","category-europa","category-polen","category-themen","tag-dzien-babci","tag-dzien-dziadka","tag-omatag","tag-opatag","tag-polen"],"_links":{"self":[{"href":"https:\/\/www.iwanowski.de\/blog\/wp-json\/wp\/v2\/posts\/32363","targetHints":{"allow":["GET"]}}],"collection":[{"href":"https:\/\/www.iwanowski.de\/blog\/wp-json\/wp\/v2\/posts"}],"about":[{"href":"https:\/\/www.iwanowski.de\/blog\/wp-json\/wp\/v2\/types\/post"}],"author":[{"embeddable":true,"href":"https:\/\/www.iwanowski.de\/blog\/wp-json\/wp\/v2\/users\/314"}],"replies":[{"embeddable":true,"href":"https:\/\/www.iwanowski.de\/blog\/wp-json\/wp\/v2\/comments?post=32363"}],"version-history":[{"count":3,"href":"https:\/\/www.iwanowski.de\/blog\/wp-json\/wp\/v2\/posts\/32363\/revisions"}],"predecessor-version":[{"id":32371,"href":"https:\/\/www.iwanowski.de\/blog\/wp-json\/wp\/v2\/posts\/32363\/revisions\/32371"}],"wp:featuredmedia":[{"embeddable":true,"href":"https:\/\/www.iwanowski.de\/blog\/wp-json\/wp\/v2\/media\/32367"}],"wp:attachment":[{"href":"https:\/\/www.iwanowski.de\/blog\/wp-json\/wp\/v2\/media?parent=32363"}],"wp:term":[{"taxonomy":"category","embeddable":true,"href":"https:\/\/www.iwanowski.de\/blog\/wp-json\/wp\/v2\/categories?post=32363"},{"taxonomy":"post_tag","embeddable":true,"href":"https:\/\/www.iwanowski.de\/blog\/wp-json\/wp\/v2\/tags?post=32363"}],"curies":[{"name":"wp","href":"https:\/\/api.w.org\/{rel}","templated":true}]}}