{"id":32354,"date":"2026-01-19T10:51:15","date_gmt":"2026-01-19T08:51:15","guid":{"rendered":"https:\/\/www.iwanowski.de\/blog\/?p=32354"},"modified":"2026-01-19T10:51:15","modified_gmt":"2026-01-19T08:51:15","slug":"kozlowka-winter","status":"publish","type":"post","link":"https:\/\/www.iwanowski.de\/blog\/kozlowka-winter\/","title":{"rendered":"Schloss Kozl\u00f3wka, ein pr\u00e4chtiger Palast legt das Winterkleid an"},"content":{"rendered":"<p><a href=\"https:\/\/www.iwanowski.de\/blog\/wp-content\/uploads\/2026\/01\/Schnee2_300px.jpg\" data-wpel-link=\"internal\"><img loading=\"lazy\" decoding=\"async\" class=\"alignright wp-image-32355\" src=\"https:\/\/www.iwanowski.de\/blog\/wp-content\/uploads\/2026\/01\/Schnee2_300px.jpg\" alt=\"\" width=\"250\" height=\"514\" srcset=\"https:\/\/www.iwanowski.de\/blog\/wp-content\/uploads\/2026\/01\/Schnee2_300px.jpg 300w, https:\/\/www.iwanowski.de\/blog\/wp-content\/uploads\/2026\/01\/Schnee2_300px-146x300.jpg 146w\" sizes=\"auto, (max-width: 250px) 100vw, 250px\" \/><\/a>Erinnern Sie sich an das Schloss Kozl\u00f3wka in der N\u00e4he der ost-polnischen Stadt Lublin? In unserem Blog berichteten wir im Mai 2025 \u00fcber die prachtvolle Adelsresidenz aus dem 18. Jahrhundert (siehe <a href=\"https:\/\/www.iwanowski.de\/blog\/kozlowka\/\" data-wpel-link=\"internal\">www.iwanowski.de\/blog\/kozlowka<\/a>).<\/p>\n<p>Nun konnten wir uns davon \u00fcberzeugen, dass auch der kalte polnische Winter dem Barockbau au\u00dferordentlich gut steht und Schnee und Eis das traumhaft sch\u00f6ne Palais in ein vornehmes wei\u00dfes Kleid geh\u00fcllt haben.<\/p>\n<p><a href=\"https:\/\/www.iwanowski.de\/blog\/wp-content\/uploads\/2026\/01\/Schnee3_750px.jpg\" data-wpel-link=\"internal\"><img loading=\"lazy\" decoding=\"async\" class=\"size-full wp-image-32356 aligncenter\" src=\"https:\/\/www.iwanowski.de\/blog\/wp-content\/uploads\/2026\/01\/Schnee3_750px.jpg\" alt=\"\" width=\"750\" height=\"365\" srcset=\"https:\/\/www.iwanowski.de\/blog\/wp-content\/uploads\/2026\/01\/Schnee3_750px.jpg 750w, https:\/\/www.iwanowski.de\/blog\/wp-content\/uploads\/2026\/01\/Schnee3_750px-300x146.jpg 300w\" sizes=\"auto, (max-width: 750px) 100vw, 750px\" \/><\/a><\/p>\n<p>Und wer den frostigen Temperaturen kurz entfliehen und sich drinnen ein wenig aufw\u00e4rmen m\u00f6chte, kann im Geb\u00e4ude die imposante Sammlung aus M\u00f6beln, Seidenvorh\u00e4ngen, Skulpturen und Gem\u00e4lden bedeutender K\u00fcnstler wie Matejko und Bacciarelli bestaunen.<\/p>\n<p><a href=\"https:\/\/www.iwanowski.de\/blog\/wp-content\/uploads\/2026\/01\/Schnee4_750px.jpg\" data-wpel-link=\"internal\"><img loading=\"lazy\" decoding=\"async\" class=\"size-full wp-image-32357 aligncenter\" src=\"https:\/\/www.iwanowski.de\/blog\/wp-content\/uploads\/2026\/01\/Schnee4_750px.jpg\" alt=\"\" width=\"750\" height=\"365\" srcset=\"https:\/\/www.iwanowski.de\/blog\/wp-content\/uploads\/2026\/01\/Schnee4_750px.jpg 750w, https:\/\/www.iwanowski.de\/blog\/wp-content\/uploads\/2026\/01\/Schnee4_750px-300x146.jpg 300w\" sizes=\"auto, (max-width: 750px) 100vw, 750px\" \/><\/a><\/p>\n<p><em>Muzeum Zamoyskich, Kozlowka 3, Tel. +48-81-8528310, <a href=\"https:\/\/www.muzeumzamoyskich.pl\/\" data-wpel-link=\"external\" target=\"_blank\" rel=\"nofollow noopener noreferrer\" class=\"ext-link\">www.muzeumzamoyskich.pl<\/a>, Di\u2013<\/em><br \/>\n<em>So mind. 10\u201315 Uhr, 10\u201370 zl.<\/em><\/p>\n<p><a href=\"https:\/\/www.iwanowski.de\/blog\/wp-content\/uploads\/2026\/01\/UnterschriftmitBild.jpg\" data-wpel-link=\"internal\"><img loading=\"lazy\" decoding=\"async\" class=\"size-full wp-image-32350 aligncenter\" src=\"https:\/\/www.iwanowski.de\/blog\/wp-content\/uploads\/2026\/01\/UnterschriftmitBild.jpg\" alt=\"\" width=\"750\" height=\"190\" srcset=\"https:\/\/www.iwanowski.de\/blog\/wp-content\/uploads\/2026\/01\/UnterschriftmitBild.jpg 750w, https:\/\/www.iwanowski.de\/blog\/wp-content\/uploads\/2026\/01\/UnterschriftmitBild-300x76.jpg 300w\" sizes=\"auto, (max-width: 750px) 100vw, 750px\" \/><\/a><\/p>\n<p><strong><div class=\"red-box\"><\/strong><\/p>\n<p><em> <a href=\"https:\/\/www.iwanowski.de\/shop\/polen-reisefuehrer-von-iwanowski\/\" data-wpel-link=\"external\" target=\"_blank\" rel=\"nofollow noopener noreferrer\" class=\"ext-link\"><img loading=\"lazy\" decoding=\"async\" class=\"alignleft wp-image-31562 size-full\" src=\"https:\/\/www.iwanowski.de\/blog\/wp-content\/uploads\/2025\/02\/Polen_2020_mit_buch_low_rgb_72dpi.jpg\" alt=\"\" width=\"283\" height=\"402\" srcset=\"https:\/\/www.iwanowski.de\/blog\/wp-content\/uploads\/2025\/02\/Polen_2020_mit_buch_low_rgb_72dpi.jpg 283w, https:\/\/www.iwanowski.de\/blog\/wp-content\/uploads\/2025\/02\/Polen_2020_mit_buch_low_rgb_72dpi-211x300.jpg 211w\" sizes=\"auto, (max-width: 283px) 100vw, 283px\" \/><\/a>Das Reiseziel Polen hat etliches zu bieten: spannende St\u00e4dte im ganzen Land, Berge im S\u00fcden, das Meer im Norden \u2026 In <a href=\"https:\/\/www.iwanowski.de\/shop\/polen-reisefuehrer-von-iwanowski\/\" target=\"_blank\" rel=\"noopener nofollow noreferrer\" data-wpel-link=\"external\" class=\"ext-link\">Iwanowski\u2019s Reisehandbuch Polen<\/a> liefert Dr. Gabriel Gach sowohl zahlreiche Hintergrundinformationen als auch praktische Hinweise in acht thematischen Routen zu besonderen Reisezielen.<\/em><\/p>\n<p><a href=\"https:\/\/www.iwanowski.de\/shop\/polen-reisefuehrer-von-iwanowski\/\" data-wpel-link=\"external\" target=\"_blank\" rel=\"nofollow noopener noreferrer\" class=\"ext-link\"><em>Polen \u2013 Reisef\u00fchrer von Iwanowski<\/em><\/a><br \/>\n<em>25,95 \u20ac (D) | 26,70 \u20ac (A)<\/em><br \/>\n<em>ISBN 978-3-86197-235-8<\/em><br \/>\n<em>464 Seiten. Broschiert. Zahlreiche Abbildungen und Karten. Durchgehend farbig. Mit herausnehmbarer Reisekarte und Karten-Download.<\/em><\/p>\n<\/div><\/p>","protected":false},"excerpt":{"rendered":"<p>Erinnern Sie sich an das Schloss Kozl\u00f3wka in der N\u00e4he der ost-polnischen Stadt Lublin? In unserem Blog berichteten wir im Mai 2025 \u00fcber die prachtvolle Adelsresidenz aus dem 18. Jahrhundert (siehe www.iwanowski.de\/blog\/kozlowka). Nun konnten wir uns davon \u00fcberzeugen, dass auch der kalte polnische Winter dem&hellip; <a class=\"read-more\" href=\"https:\/\/www.iwanowski.de\/blog\/kozlowka-winter\/\" data-wpel-link=\"internal\">Weiterlesen<\/a><\/p>\n","protected":false},"author":314,"featured_media":32358,"comment_status":"open","ping_status":"open","sticky":false,"template":"","format":"standard","meta":{"ngg_post_thumbnail":0,"footnotes":""},"categories":[7131,6,7133,67,7126],"tags":[7236,7160,7161,7105,7235],"class_list":["post-32354","post","type-post","status-publish","format-standard","has-post-thumbnail","hentry","category-aktiv","category-europa","category-kunst-kultur","category-polen","category-themen","tag-kamionka","tag-kozlowka","tag-lublin","tag-polen","tag-zamoyskich"],"_links":{"self":[{"href":"https:\/\/www.iwanowski.de\/blog\/wp-json\/wp\/v2\/posts\/32354","targetHints":{"allow":["GET"]}}],"collection":[{"href":"https:\/\/www.iwanowski.de\/blog\/wp-json\/wp\/v2\/posts"}],"about":[{"href":"https:\/\/www.iwanowski.de\/blog\/wp-json\/wp\/v2\/types\/post"}],"author":[{"embeddable":true,"href":"https:\/\/www.iwanowski.de\/blog\/wp-json\/wp\/v2\/users\/314"}],"replies":[{"embeddable":true,"href":"https:\/\/www.iwanowski.de\/blog\/wp-json\/wp\/v2\/comments?post=32354"}],"version-history":[{"count":5,"href":"https:\/\/www.iwanowski.de\/blog\/wp-json\/wp\/v2\/posts\/32354\/revisions"}],"predecessor-version":[{"id":32364,"href":"https:\/\/www.iwanowski.de\/blog\/wp-json\/wp\/v2\/posts\/32354\/revisions\/32364"}],"wp:featuredmedia":[{"embeddable":true,"href":"https:\/\/www.iwanowski.de\/blog\/wp-json\/wp\/v2\/media\/32358"}],"wp:attachment":[{"href":"https:\/\/www.iwanowski.de\/blog\/wp-json\/wp\/v2\/media?parent=32354"}],"wp:term":[{"taxonomy":"category","embeddable":true,"href":"https:\/\/www.iwanowski.de\/blog\/wp-json\/wp\/v2\/categories?post=32354"},{"taxonomy":"post_tag","embeddable":true,"href":"https:\/\/www.iwanowski.de\/blog\/wp-json\/wp\/v2\/tags?post=32354"}],"curies":[{"name":"wp","href":"https:\/\/api.w.org\/{rel}","templated":true}]}}