{"id":31032,"date":"2023-06-12T10:35:33","date_gmt":"2023-06-12T08:35:33","guid":{"rendered":"https:\/\/www.iwanowski.de\/blog\/?p=31032"},"modified":"2023-06-12T10:37:22","modified_gmt":"2023-06-12T08:37:22","slug":"usa-news-35","status":"publish","type":"post","link":"https:\/\/www.iwanowski.de\/blog\/usa-news-35\/","title":{"rendered":"USA News #35"},"content":{"rendered":"<p>Endlich wurden am 11. Mai die letzten pandemiebedingten Anforderungen der U.S.-Regierung aufgehoben. Seither ist kein Impfnachweis bei Einreise in die Vereinigten Staaten mehr n\u00f6tig. Positiv war daher auch die Stimmung auf der gr\u00f6\u00dften internationalen amerikanischen Tourismusmesse, der IPW, die Ende Mai in San Antonio\/Texas stattfand. Erstmals seit der Pandemie erreichte man fast wieder die alten Zahlen: knapp 5.000 Teilnehmer aus \u00fcber 60 L\u00e4ndern waren zu verzeichnen. Dieser internationale \u201eMarketplace\u201c gilt als Triebfeder f\u00fcr Reisen in die U.S.A. 2022 konnte man bereits wieder 50,0 Mio. Besucher verzeichnen, wobei Deutschland nach Kanada, Mexico und Great Britain weiterhin an vierter Stelle steht.<\/p>\n<p>Nachfolgend einige Neuigkeiten aus verschiedenen St\u00e4dten und Regionen der USA:<\/p>\n<h3>Neues aus San Francisco<\/h3>\n<div id=\"attachment_31036\" style=\"width: 730px\" class=\"wp-caption alignnone\"><a href=\"https:\/\/www.iwanowski.de\/blog\/wp-content\/uploads\/2023\/06\/2-SF-LevisStadiumFotoSFTravel.jpg\" data-wpel-link=\"internal\"><img loading=\"lazy\" decoding=\"async\" aria-describedby=\"caption-attachment-31036\" class=\"wp-image-31036 size-large\" src=\"https:\/\/www.iwanowski.de\/blog\/wp-content\/uploads\/2023\/06\/2-SF-LevisStadiumFotoSFTravel-1024x474.jpg\" alt=\"\" width=\"720\" height=\"333\" srcset=\"https:\/\/www.iwanowski.de\/blog\/wp-content\/uploads\/2023\/06\/2-SF-LevisStadiumFotoSFTravel-1024x474.jpg 1024w, https:\/\/www.iwanowski.de\/blog\/wp-content\/uploads\/2023\/06\/2-SF-LevisStadiumFotoSFTravel-300x139.jpg 300w, https:\/\/www.iwanowski.de\/blog\/wp-content\/uploads\/2023\/06\/2-SF-LevisStadiumFotoSFTravel-768x355.jpg 768w, https:\/\/www.iwanowski.de\/blog\/wp-content\/uploads\/2023\/06\/2-SF-LevisStadiumFotoSFTravel-1536x711.jpg 1536w, https:\/\/www.iwanowski.de\/blog\/wp-content\/uploads\/2023\/06\/2-SF-LevisStadiumFotoSFTravel-2048x947.jpg 2048w\" sizes=\"auto, (max-width: 720px) 100vw, 720px\" \/><\/a><p id=\"caption-attachment-31036\" class=\"wp-caption-text\">Im Levis Stadium findet 2026 der Super Bowl statt \u00a9San Francisco Travel<\/p><\/div>\n<p>Der<strong> Super Bowl LX <\/strong>findet 2026 in San Francisco statt! Die 60. Auflage des medientr\u00e4chtigen American-Football-Endspiels wird im Levi&#8217;s Stadium von San Francisco (<a href=\"http:\/\/www.levisstadium.com\/\" data-wpel-link=\"external\" target=\"_blank\" rel=\"nofollow noopener noreferrer\" class=\"ext-link\">www.levisstadium.com<\/a>) ausgetragen. Nach 2016 wird damit nun schon zum zweiten Mal in der 68.500 Zuschauer fassenden Arena \u2013 Heimat der San Francisco 49ers \u2013 um den Titel gespielt. \u00dcbrigens: 2024 wird der Super Bowl in Las Vegas ausgetragen, 2025 in New Orleans.<\/p>\n<p>&nbsp;<\/p>\n<div class=\\'gallery\\'><dl class='gallery-item'>\n\t\t\t<dt class='gallery-icon landscape'>\n\t\t\t\t<a href=\"https:\/\/www.iwanowski.de\/blog\/wp-content\/uploads\/2023\/06\/3a-SF-AirportFassade.jpg\" data-wpel-link=\"internal\"><img loading=\"lazy\" decoding=\"async\" width=\"300\" height=\"225\" src=\"https:\/\/www.iwanowski.de\/blog\/wp-content\/uploads\/2023\/06\/3a-SF-AirportFassade-300x225.jpg\" class=\"attachment-medium size-medium\" alt=\"\" aria-describedby=\"gallery-1-31037\" srcset=\"https:\/\/www.iwanowski.de\/blog\/wp-content\/uploads\/2023\/06\/3a-SF-AirportFassade-300x225.jpg 300w, https:\/\/www.iwanowski.de\/blog\/wp-content\/uploads\/2023\/06\/3a-SF-AirportFassade-1024x768.jpg 1024w, https:\/\/www.iwanowski.de\/blog\/wp-content\/uploads\/2023\/06\/3a-SF-AirportFassade-768x576.jpg 768w, https:\/\/www.iwanowski.de\/blog\/wp-content\/uploads\/2023\/06\/3a-SF-AirportFassade-1536x1152.jpg 1536w, https:\/\/www.iwanowski.de\/blog\/wp-content\/uploads\/2023\/06\/3a-SF-AirportFassade.jpg 1778w\" sizes=\"auto, (max-width: 300px) 100vw, 300px\" \/><\/a>\n\t\t\t<\/dt>\n\t\t\t\t<dd class='wp-caption-text gallery-caption' id='gallery-1-31037'>\n\t\t\t\tModerner sauberer Flughafen, mit AirTrain-Verbindung: SFO \u00a9San Francisco Travel\n\t\t\t\t<\/dd><\/dl><dl class='gallery-item'>\n\t\t\t<dt class='gallery-icon landscape'>\n\t\t\t\t<a href=\"https:\/\/www.iwanowski.de\/blog\/wp-content\/uploads\/2023\/06\/3b-SF-AirtrainSFOAirport-SFTravel.jpg\" data-wpel-link=\"internal\"><img loading=\"lazy\" decoding=\"async\" width=\"300\" height=\"200\" src=\"https:\/\/www.iwanowski.de\/blog\/wp-content\/uploads\/2023\/06\/3b-SF-AirtrainSFOAirport-SFTravel-300x200.jpg\" class=\"attachment-medium size-medium\" alt=\"\" srcset=\"https:\/\/www.iwanowski.de\/blog\/wp-content\/uploads\/2023\/06\/3b-SF-AirtrainSFOAirport-SFTravel-300x200.jpg 300w, https:\/\/www.iwanowski.de\/blog\/wp-content\/uploads\/2023\/06\/3b-SF-AirtrainSFOAirport-SFTravel-1024x683.jpg 1024w, https:\/\/www.iwanowski.de\/blog\/wp-content\/uploads\/2023\/06\/3b-SF-AirtrainSFOAirport-SFTravel-768x512.jpg 768w, https:\/\/www.iwanowski.de\/blog\/wp-content\/uploads\/2023\/06\/3b-SF-AirtrainSFOAirport-SFTravel-1536x1024.jpg 1536w, https:\/\/www.iwanowski.de\/blog\/wp-content\/uploads\/2023\/06\/3b-SF-AirtrainSFOAirport-SFTravel.jpg 2048w\" sizes=\"auto, (max-width: 300px) 100vw, 300px\" \/><\/a>\n\t\t\t<\/dt><\/dl><br style=\"clear: both\" \/>\n\t\t<\/div>\n\n<p>Auch das Herumkommen in San Franciscos Flughafen (SFO) ist seit Kurzem einfacher: Die <strong>AirTrain-Station<\/strong> am Harvey Milk Terminal 1 wurde wieder in Betrieb genommen. Dadurch gelangen Flugg\u00e4ste nun mit dem kostenlosen AirTrain direkt zum Terminal f\u00fcr Inlandsfl\u00fcge. Die Station war aufgrund von Umbauma\u00dfnahmen seit Juli 2021 geschlossen. Mit dem AirTrain gelangen Passagiere auch direkt zur BART Station und von dort sind es rund 30 Min. in die City. Weitere Informationen: <a href=\"http:\/\/www.flysfo.com\/passengers\/ground-transportation\/getting-around-sfo\" data-wpel-link=\"external\" target=\"_blank\" rel=\"nofollow noopener noreferrer\" class=\"ext-link\">www.flysfo.com\/passengers\/ground-transportation\/getting-around-sfo<\/a>.<\/p>\n<div class=\\'gallery\\'><dl class='gallery-item'>\n\t\t\t<dt class='gallery-icon landscape'>\n\t\t\t\t<a href=\"https:\/\/www.iwanowski.de\/blog\/wp-content\/uploads\/2023\/06\/4a-SF-TunnelTops\u00a9PresidioTrust-scaled.jpg\" data-wpel-link=\"internal\"><img loading=\"lazy\" decoding=\"async\" width=\"300\" height=\"232\" src=\"https:\/\/www.iwanowski.de\/blog\/wp-content\/uploads\/2023\/06\/4a-SF-TunnelTops\u00a9PresidioTrust-300x232.jpg\" class=\"attachment-medium size-medium\" alt=\"\" aria-describedby=\"gallery-2-31039\" srcset=\"https:\/\/www.iwanowski.de\/blog\/wp-content\/uploads\/2023\/06\/4a-SF-TunnelTops\u00a9PresidioTrust-300x232.jpg 300w, https:\/\/www.iwanowski.de\/blog\/wp-content\/uploads\/2023\/06\/4a-SF-TunnelTops\u00a9PresidioTrust-1024x791.jpg 1024w, https:\/\/www.iwanowski.de\/blog\/wp-content\/uploads\/2023\/06\/4a-SF-TunnelTops\u00a9PresidioTrust-768x593.jpg 768w, https:\/\/www.iwanowski.de\/blog\/wp-content\/uploads\/2023\/06\/4a-SF-TunnelTops\u00a9PresidioTrust-1536x1187.jpg 1536w, https:\/\/www.iwanowski.de\/blog\/wp-content\/uploads\/2023\/06\/4a-SF-TunnelTops\u00a9PresidioTrust-2048x1583.jpg 2048w\" sizes=\"auto, (max-width: 300px) 100vw, 300px\" \/><\/a>\n\t\t\t<\/dt>\n\t\t\t\t<dd class='wp-caption-text gallery-caption' id='gallery-2-31039'>\n\t\t\t\tTunnel Tops, der neueste Teil des Presidio, mit vielseitigem Angebot \u00a9Presidio Trust\n\t\t\t\t<\/dd><\/dl><dl class='gallery-item'>\n\t\t\t<dt class='gallery-icon landscape'>\n\t\t\t\t<a href=\"https:\/\/www.iwanowski.de\/blog\/wp-content\/uploads\/2023\/06\/4b-SF-Presidio-ViewLandsEnd.jpg\" data-wpel-link=\"internal\"><img loading=\"lazy\" decoding=\"async\" width=\"300\" height=\"225\" src=\"https:\/\/www.iwanowski.de\/blog\/wp-content\/uploads\/2023\/06\/4b-SF-Presidio-ViewLandsEnd-300x225.jpg\" class=\"attachment-medium size-medium\" alt=\"\" aria-describedby=\"gallery-2-31040\" srcset=\"https:\/\/www.iwanowski.de\/blog\/wp-content\/uploads\/2023\/06\/4b-SF-Presidio-ViewLandsEnd-300x225.jpg 300w, https:\/\/www.iwanowski.de\/blog\/wp-content\/uploads\/2023\/06\/4b-SF-Presidio-ViewLandsEnd-1024x767.jpg 1024w, https:\/\/www.iwanowski.de\/blog\/wp-content\/uploads\/2023\/06\/4b-SF-Presidio-ViewLandsEnd-768x576.jpg 768w, https:\/\/www.iwanowski.de\/blog\/wp-content\/uploads\/2023\/06\/4b-SF-Presidio-ViewLandsEnd.jpg 1445w\" sizes=\"auto, (max-width: 300px) 100vw, 300px\" \/><\/a>\n\t\t\t<\/dt>\n\t\t\t\t<dd class='wp-caption-text gallery-caption' id='gallery-2-31040'>\n\t\t\t\tGr\u00fcnes Paradies mitten in der Stadt mit Trails und Ausblicken \n\t\t\t\t<\/dd><\/dl><br style=\"clear: both\" \/>\n\t\t<\/div>\n\n<p>Im <strong>Presidio-Park<\/strong> mit dem neuen Teil Presidio Tunnel Tops geht es den ganzen Sommer \u00fcber rund. Von Kunstinstallationen \u00fcber Events bis hin zu Workshops und Kinderprogrammen, Konzerten und Touren ist st\u00e4ndig etwas geboten. Lohnend ist auch ein Besuch von Battery Bluff, von wo aus sich grandiose Ausblicke auf Golden Gate Bridge, Crissy Field und die Waterfront bieten. F\u00fcr Natur- (und Vogel-)Liebhaber bietet sich der <strong>Tennessee Hollow Watershed Walk<\/strong> an. Mit der herunterladbaren \u201eself-guided map\u201c findet man sich gut zurecht und erh\u00e4lt sinnvolle Informationen.<\/p>\n<ul>\n<li><a href=\"http:\/\/www.presidio.gov\/places-internal\/Shared%20Documents\/Tennessee-Hollow-Watershed-Walk.pdf\" data-wpel-link=\"external\" target=\"_blank\" rel=\"nofollow noopener noreferrer\" class=\"ext-link\">www.presidio.gov\/places-internal\/Shared%20Documents\/Tennessee-Hollow-Watershed-Walk.pdf<\/a>, <a href=\"http:\/\/www.presidiotunneltops.gov\" data-wpel-link=\"external\" target=\"_blank\" rel=\"nofollow noopener noreferrer\" class=\"ext-link\">www.presidiotunneltops.gov<\/a><\/li>\n<li>Aktuelle Informationen zu San Francisco: <a href=\"http:\/\/www.sftravel.com\/\" data-wpel-link=\"external\" target=\"_blank\" rel=\"nofollow noopener noreferrer\" class=\"ext-link\">www.sftravel.com<\/a>.<\/li>\n<\/ul>\n<h3>Neues aus New York<\/h3>\n<p><strong><em>&nbsp;<\/em><\/strong>Mitte Mai wurde <strong>Century 21<\/strong> (<a href=\"http:\/\/www.c21stores.com\" data-wpel-link=\"external\" target=\"_blank\" rel=\"nofollow noopener noreferrer\" class=\"ext-link\">www.c21stores.com<\/a>) endlich wiederer\u00f6ffnet. Nachdem der beliebte Laden als Folge von Corona 2020 Bankrott anmelden musste, er\u00f6ffnet er jetzt neu an alter Stelle (22 Cortland Street, gegen\u00fcber dem World Trade Center) auf vier Etagen. Verkauft werden Kleidung, Lederwaren, Schuhe, Handtaschen, Sonnenbrillen u.v.a., vor allem die gro\u00dfen, beliebten Brands und Designer sind vertreten. In den fr\u00fchen 1960er-Jahren war der Laden mit dem Ziel, Designer-Ware zu Discountpreisen anzubieten, ins Leben gerufen worden. Zu Bl\u00fctezeiten gab es 14 Century 21 Stores.<\/p>\n<div class=\\'gallery\\'><dl class='gallery-item'>\n\t\t\t<dt class='gallery-icon landscape'>\n\t\t\t\t<a href=\"https:\/\/www.iwanowski.de\/blog\/wp-content\/uploads\/2023\/06\/5a-NY-HighLinePark.jpg\" data-wpel-link=\"internal\"><img loading=\"lazy\" decoding=\"async\" width=\"300\" height=\"225\" src=\"https:\/\/www.iwanowski.de\/blog\/wp-content\/uploads\/2023\/06\/5a-NY-HighLinePark-300x225.jpg\" class=\"attachment-medium size-medium\" alt=\"\" aria-describedby=\"gallery-3-31041\" srcset=\"https:\/\/www.iwanowski.de\/blog\/wp-content\/uploads\/2023\/06\/5a-NY-HighLinePark-300x225.jpg 300w, https:\/\/www.iwanowski.de\/blog\/wp-content\/uploads\/2023\/06\/5a-NY-HighLinePark-1024x767.jpg 1024w, https:\/\/www.iwanowski.de\/blog\/wp-content\/uploads\/2023\/06\/5a-NY-HighLinePark-768x576.jpg 768w, https:\/\/www.iwanowski.de\/blog\/wp-content\/uploads\/2023\/06\/5a-NY-HighLinePark.jpg 1445w\" sizes=\"auto, (max-width: 300px) 100vw, 300px\" \/><\/a>\n\t\t\t<\/dt>\n\t\t\t\t<dd class='wp-caption-text gallery-caption' id='gallery-3-31041'>\n\t\t\t\tBald neu verbunden: High Line und Moynihan Train Hall\n\t\t\t\t<\/dd><\/dl><dl class='gallery-item'>\n\t\t\t<dt class='gallery-icon portrait'>\n\t\t\t\t<a href=\"https:\/\/www.iwanowski.de\/blog\/wp-content\/uploads\/2023\/06\/5b-NY-PennSt-MoynihanTrainHall.jpg\" data-wpel-link=\"internal\"><img loading=\"lazy\" decoding=\"async\" width=\"225\" height=\"300\" src=\"https:\/\/www.iwanowski.de\/blog\/wp-content\/uploads\/2023\/06\/5b-NY-PennSt-MoynihanTrainHall-225x300.jpg\" class=\"attachment-medium size-medium\" alt=\"\" srcset=\"https:\/\/www.iwanowski.de\/blog\/wp-content\/uploads\/2023\/06\/5b-NY-PennSt-MoynihanTrainHall-225x300.jpg 225w, https:\/\/www.iwanowski.de\/blog\/wp-content\/uploads\/2023\/06\/5b-NY-PennSt-MoynihanTrainHall-768x1024.jpg 768w, https:\/\/www.iwanowski.de\/blog\/wp-content\/uploads\/2023\/06\/5b-NY-PennSt-MoynihanTrainHall-1152x1536.jpg 1152w, https:\/\/www.iwanowski.de\/blog\/wp-content\/uploads\/2023\/06\/5b-NY-PennSt-MoynihanTrainHall-360x480.jpg 360w, https:\/\/www.iwanowski.de\/blog\/wp-content\/uploads\/2023\/06\/5b-NY-PennSt-MoynihanTrainHall.jpg 1167w\" sizes=\"auto, (max-width: 225px) 100vw, 225px\" \/><\/a>\n\t\t\t<\/dt><\/dl><br style=\"clear: both\" \/>\n\t\t<\/div>\n\n<p>Der Weg zwischen High Line und Moynihan Train Hall wird demn\u00e4chst k\u00fcrzer: Der \u201e<strong>High Line \u2013 Moynihan Train Hall Connector&#8221;\u201c <\/strong>(<a href=\"Hallo%20Frau%20Brinke,%20hallo%20Herr%20Kr\u00e4nzle,%20%20vielen%20Dank%20f\u00fcr%20die%20Texte!%20Ich%20k\u00fcmmere%20mich%20um%20passendes%20visuelles%20Material%20und%20lasse%20die%20Seite%20dann%20vom%20Layouter%20aufbauen.%20Sollte%20dann%20etwas%20fehlen,%20w\u00fcrde%20ich%20mich%20nochmals%20bei%20Ihnen%20melden.%20%20Viele%20Gr\u00fc\u00dfe%20Ronja%20Holzinger%20Von:%20BriKrae%20%3cbrikrae@aol.com%3e%20Gesendet:%20Dienstag,%206.%20Juni%202023%2012:54%20An:%20Ronja%20Holzinger%20%3cgnb.holzinger@bruckmann.de%3e%20Betreff:%20Re:%20Umbruch%20Kanada%20%20%20Hallo,%20angeh\u00e4ngt%20Stoff%20f\u00fcr%20die%20%22Willkommensseite%22,%20hoffen%20es%20passt%20so.%20%20LG,%20%20Dr.%20Margit%20Brinke%20\u2013%20Dr.%20Peter%20Kr\u00e4nzle%20%20BriKrae%20-%20Reise,%20Sport,%20Kultur%20(GbR)%20Dr.%20Margit%20Brinke%20-%20Dr.%20Peter%20Kr\u00e4nzle%20Metzstrasse%2037%20D-86157%20Augsburg%20(Germany)%20Tel.%20(+49)%20(0)821-311565%20E-Mail:%20brikrae@aol.com%20http:\/travelingtramps.blogspot.de%20https:\/travelingbookworms.blogspot.com%20%20Award-winning%20journalists%20IPW%202018%20Denver\" data-wpel-link=\"internal\">www.som.com\/projects\/high-line-moynihan-connector<\/a>), bestehend aus mehreren Verbindungsbr\u00fccken, wird entlang 30th Street und Dyer Avenue, durch die Manhattan West Public Plaza und entlang der Ninth Avenue von der High Line zur Moynihan Train Hall f\u00fchren, kurz gesagt, vom Meatpacking District zur Penn Station. Das Architekturb\u00fcro SOM ist f\u00fcr die Planung zust\u00e4ndig.<\/p>\n<p><a href=\"https:\/\/www.iwanowski.de\/blog\/wp-content\/uploads\/2023\/06\/6-NY-Pier17-RooftopTheater.jpg\" data-wpel-link=\"internal\"><img loading=\"lazy\" decoding=\"async\" class=\"wp-image-31043 size-large\" src=\"https:\/\/www.iwanowski.de\/blog\/wp-content\/uploads\/2023\/06\/6-NY-Pier17-RooftopTheater-1024x768.jpg\" alt=\"\" width=\"720\" height=\"540\" srcset=\"https:\/\/www.iwanowski.de\/blog\/wp-content\/uploads\/2023\/06\/6-NY-Pier17-RooftopTheater-1024x768.jpg 1024w, https:\/\/www.iwanowski.de\/blog\/wp-content\/uploads\/2023\/06\/6-NY-Pier17-RooftopTheater-300x225.jpg 300w, https:\/\/www.iwanowski.de\/blog\/wp-content\/uploads\/2023\/06\/6-NY-Pier17-RooftopTheater-768x576.jpg 768w, https:\/\/www.iwanowski.de\/blog\/wp-content\/uploads\/2023\/06\/6-NY-Pier17-RooftopTheater-1536x1152.jpg 1536w, https:\/\/www.iwanowski.de\/blog\/wp-content\/uploads\/2023\/06\/6-NY-Pier17-RooftopTheater.jpg 1778w\" sizes=\"auto, (max-width: 720px) 100vw, 720px\" \/><\/a><\/p>\n<p>Pier 17 mit seinem Roof Top-Theater<strong>Pier 15<\/strong> an der East River Esplanade (<a href=\"https:\/\/edc.nyc\/project\/east-river-waterfront-esplanade\" data-wpel-link=\"external\" target=\"_blank\" rel=\"nofollow noopener noreferrer\" class=\"ext-link\">https:\/\/edc.nyc\/project\/east-river-waterfront-esplanade<\/a>), nahe den Museumsschiffen des South Street Seaport Museum, wird zur &#8220;Beachy Summer Oasis&#8221; mit Cocktails und Palmen, karibischem Flair und Tiki-Bars. Ebenso einladend ist benachbart <strong>The Rooftop at Pier 17 <\/strong>(<a href=\"https:\/\/rooftopatpier17.com\/concerts\" data-wpel-link=\"external\" target=\"_blank\" rel=\"nofollow noopener noreferrer\" class=\"ext-link\">https:\/\/rooftopatpier17.com\/concerts<\/a>), wo vor allem im Sommer regelm\u00e4\u00dfig Konzerte stattfinden.<\/p>\n<div id=\"attachment_31044\" style=\"width: 730px\" class=\"wp-caption alignnone\"><a href=\"https:\/\/www.iwanowski.de\/blog\/wp-content\/uploads\/2023\/06\/7-NY-HudsPiers-GansevoortPeninsulaJPG.jpg\" data-wpel-link=\"internal\"><img loading=\"lazy\" decoding=\"async\" aria-describedby=\"caption-attachment-31044\" class=\"wp-image-31044 size-large\" src=\"https:\/\/www.iwanowski.de\/blog\/wp-content\/uploads\/2023\/06\/7-NY-HudsPiers-GansevoortPeninsulaJPG-1024x767.jpg\" alt=\"\" width=\"720\" height=\"539\" srcset=\"https:\/\/www.iwanowski.de\/blog\/wp-content\/uploads\/2023\/06\/7-NY-HudsPiers-GansevoortPeninsulaJPG-1024x767.jpg 1024w, https:\/\/www.iwanowski.de\/blog\/wp-content\/uploads\/2023\/06\/7-NY-HudsPiers-GansevoortPeninsulaJPG-300x225.jpg 300w, https:\/\/www.iwanowski.de\/blog\/wp-content\/uploads\/2023\/06\/7-NY-HudsPiers-GansevoortPeninsulaJPG-768x576.jpg 768w, https:\/\/www.iwanowski.de\/blog\/wp-content\/uploads\/2023\/06\/7-NY-HudsPiers-GansevoortPeninsulaJPG-1536x1151.jpg 1536w, https:\/\/www.iwanowski.de\/blog\/wp-content\/uploads\/2023\/06\/7-NY-HudsPiers-GansevoortPeninsulaJPG.jpg 1556w\" sizes=\"auto, (max-width: 720px) 100vw, 720px\" \/><\/a><p id=\"caption-attachment-31044\" class=\"wp-caption-text\">Die neue Gansevoort Peninsula, hier noch im Bau<\/p><\/div>\n<p>Auch an der Waterfront tut sich was: Kurz vor der Vollendung steht die neue <strong>Gansevoort Peninsula <\/strong>(<a href=\"https:\/\/hudsonriverpark.org\/locations\/gansevoort-peninsula\" data-wpel-link=\"external\" target=\"_blank\" rel=\"nofollow noopener noreferrer\" class=\"ext-link\">https:\/\/hudsonriverpark.org\/locations\/gansevoort-peninsula<\/a>) im Meatpacking District, w\u00e4hrend es bei <strong>Pier 97<\/strong> \u2013 Spiel- und Erholungsfl\u00e4chen \u2013 im Hudson River Park (Hell&#8217;s Kitchen) noch ein bisschen dauern d\u00fcrfte (Er\u00f6ffnung: Fr\u00fchjahr 2024).<\/p>\n<p>Das<strong> American Museum of Natural History <\/strong>(<a href=\"http:\/\/www.amnh.org\/\" data-wpel-link=\"external\" target=\"_blank\" rel=\"nofollow noopener noreferrer\" class=\"ext-link\">www.amnh.org<\/a>) ist seit Anfang Mai um eine Attraktion reicher: Das neue <strong>Gilder Center<\/strong> er\u00f6ffnete mit Schmetterlingshaus, Insektarium und vielen \u201eimmersive experiences\u201c. &nbsp;Es erinnert architektonisch an die Geb\u00e4ude des spanischen Architekten Gaudi, doch es stammt von Studio Gang. Trotz des h\u00f6hlenartigen Charakters ist der Bau lichtdurchflutet und bietet spannende Aus- und Einblicke. Auf sieben Etagen, von denen vier f\u00fcr die \u00d6ffentlichkeit zug\u00e4nglich sind, gibt es abgesehen von dem Insektarium und dem \u201eButterfly Vivarium\u201c ein &nbsp;Education Center. Dort kann jeder sein eigenes \u201eAbenteuer\u201c w\u00e4hlen und aus vielerlei Objekten und Programmen ausw\u00e4hlen und lernen. \u201eGilder Center Invisible Worlds\u201c bietet einen Kurzvideo und 360-Grad-Rundumblick; hier geht es um Leben und \u00d6kosysteme, DNA u.a.&nbsp; Der neue Zugang mit Park zu diesem Museumsteil an der Columbus Avenue\/79th Street befindet sich in der letzten Phase der Fertigstellung.<\/p>\n<div class=\\'gallery\\'><dl class='gallery-item'>\n\t\t\t<dt class='gallery-icon landscape'>\n\t\t\t\t<a href=\"https:\/\/www.iwanowski.de\/blog\/wp-content\/uploads\/2023\/06\/8a-NY-ConcertCentralPark.jpg\" data-wpel-link=\"internal\"><img loading=\"lazy\" decoding=\"async\" width=\"300\" height=\"225\" src=\"https:\/\/www.iwanowski.de\/blog\/wp-content\/uploads\/2023\/06\/8a-NY-ConcertCentralPark-300x225.jpg\" class=\"attachment-medium size-medium\" alt=\"\" aria-describedby=\"gallery-4-31045\" srcset=\"https:\/\/www.iwanowski.de\/blog\/wp-content\/uploads\/2023\/06\/8a-NY-ConcertCentralPark-300x225.jpg 300w, https:\/\/www.iwanowski.de\/blog\/wp-content\/uploads\/2023\/06\/8a-NY-ConcertCentralPark-1024x768.jpg 1024w, https:\/\/www.iwanowski.de\/blog\/wp-content\/uploads\/2023\/06\/8a-NY-ConcertCentralPark-768x576.jpg 768w, https:\/\/www.iwanowski.de\/blog\/wp-content\/uploads\/2023\/06\/8a-NY-ConcertCentralPark.jpg 1144w\" sizes=\"auto, (max-width: 300px) 100vw, 300px\" \/><\/a>\n\t\t\t<\/dt>\n\t\t\t\t<dd class='wp-caption-text gallery-caption' id='gallery-4-31045'>\n\t\t\t\tKonzerte, meist frei, gibt es im Sommer in New York an vielen Orten\n\t\t\t\t<\/dd><\/dl><dl class='gallery-item'>\n\t\t\t<dt class='gallery-icon landscape'>\n\t\t\t\t<a href=\"https:\/\/www.iwanowski.de\/blog\/wp-content\/uploads\/2023\/06\/8b-NYC-OpenairConcertLincolnCt.jpg\" data-wpel-link=\"internal\"><img loading=\"lazy\" decoding=\"async\" width=\"300\" height=\"225\" src=\"https:\/\/www.iwanowski.de\/blog\/wp-content\/uploads\/2023\/06\/8b-NYC-OpenairConcertLincolnCt-300x225.jpg\" class=\"attachment-medium size-medium\" alt=\"\" srcset=\"https:\/\/www.iwanowski.de\/blog\/wp-content\/uploads\/2023\/06\/8b-NYC-OpenairConcertLincolnCt-300x225.jpg 300w, https:\/\/www.iwanowski.de\/blog\/wp-content\/uploads\/2023\/06\/8b-NYC-OpenairConcertLincolnCt-1024x768.jpg 1024w, https:\/\/www.iwanowski.de\/blog\/wp-content\/uploads\/2023\/06\/8b-NYC-OpenairConcertLincolnCt-768x576.jpg 768w, https:\/\/www.iwanowski.de\/blog\/wp-content\/uploads\/2023\/06\/8b-NYC-OpenairConcertLincolnCt.jpg 1232w\" sizes=\"auto, (max-width: 300px) 100vw, 300px\" \/><\/a>\n\t\t\t<\/dt><\/dl><br style=\"clear: both\" \/>\n\t\t<\/div>\n\n<p>Wer diesen Sommer NYC besucht, darf sich \u00fcber viele Gratis-Konzerte und -Veranstaltungen freuen. Auf der <strong>NYC SummerStage<\/strong> (<a href=\"http:\/\/www.centralpark.com\/things-to-do\/concerts\/summerstage-festival\" data-wpel-link=\"external\" target=\"_blank\" rel=\"nofollow noopener noreferrer\" class=\"ext-link\">www.centralpark.com\/things-to-do\/concerts\/summerstage-festival<\/a>) treten dann u.a. Kool and the Gang, DJ Rekha, Regina Spektor oder Sammy Rae &amp; The Friends im Central Park auf. 80 (gro\u00dfteils kostenlose) Shows sind geplant, auch in anderen Parks der Stadt. Angesichts des 50. Jubli\u00e4ums des Hip-Hop stehen K\u00fcnstler dieses Genres besonders im Mittelpunkt. Auch im <strong>Lincoln Center<\/strong> ist im Rahmen des <strong>\u201eSummer for the City\u201c<\/strong>-Festival von 14. Juni bis 12. August (<a href=\"http:\/\/www.lincolncenter.org\/series\/summer-for-the-city\" data-wpel-link=\"external\" target=\"_blank\" rel=\"nofollow noopener noreferrer\" class=\"ext-link\">www.lincolncenter.org\/series\/summer-for-the-city<\/a>) viel geboten: Gratis-Konzerte, Disko und Freiluftkino.<\/p>\n<div class=\\'gallery\\'><dl class='gallery-item'>\n\t\t\t<dt class='gallery-icon landscape'>\n\t\t\t\t<a href=\"https:\/\/www.iwanowski.de\/blog\/wp-content\/uploads\/2023\/06\/9a-NY-GovIsland-Recycling.jpg\" data-wpel-link=\"internal\"><img loading=\"lazy\" decoding=\"async\" width=\"300\" height=\"225\" src=\"https:\/\/www.iwanowski.de\/blog\/wp-content\/uploads\/2023\/06\/9a-NY-GovIsland-Recycling-300x225.jpg\" class=\"attachment-medium size-medium\" alt=\"\" aria-describedby=\"gallery-5-31047\" srcset=\"https:\/\/www.iwanowski.de\/blog\/wp-content\/uploads\/2023\/06\/9a-NY-GovIsland-Recycling-300x225.jpg 300w, https:\/\/www.iwanowski.de\/blog\/wp-content\/uploads\/2023\/06\/9a-NY-GovIsland-Recycling-1024x768.jpg 1024w, https:\/\/www.iwanowski.de\/blog\/wp-content\/uploads\/2023\/06\/9a-NY-GovIsland-Recycling-768x576.jpg 768w, https:\/\/www.iwanowski.de\/blog\/wp-content\/uploads\/2023\/06\/9a-NY-GovIsland-Recycling.jpg 1333w\" sizes=\"auto, (max-width: 300px) 100vw, 300px\" \/><\/a>\n\t\t\t<\/dt>\n\t\t\t\t<dd class='wp-caption-text gallery-caption' id='gallery-5-31047'>\n\t\t\t\tRecycling und andere zukunftorientierte Strategien auf Governors Island\n\t\t\t\t<\/dd><\/dl><dl class='gallery-item'>\n\t\t\t<dt class='gallery-icon landscape'>\n\t\t\t\t<a href=\"https:\/\/www.iwanowski.de\/blog\/wp-content\/uploads\/2023\/06\/9b-NY-GovIsland-Total.jpg\" data-wpel-link=\"internal\"><img loading=\"lazy\" decoding=\"async\" width=\"300\" height=\"225\" src=\"https:\/\/www.iwanowski.de\/blog\/wp-content\/uploads\/2023\/06\/9b-NY-GovIsland-Total-300x225.jpg\" class=\"attachment-medium size-medium\" alt=\"\" aria-describedby=\"gallery-5-31048\" srcset=\"https:\/\/www.iwanowski.de\/blog\/wp-content\/uploads\/2023\/06\/9b-NY-GovIsland-Total-300x225.jpg 300w, https:\/\/www.iwanowski.de\/blog\/wp-content\/uploads\/2023\/06\/9b-NY-GovIsland-Total-1024x768.jpg 1024w, https:\/\/www.iwanowski.de\/blog\/wp-content\/uploads\/2023\/06\/9b-NY-GovIsland-Total-768x576.jpg 768w, https:\/\/www.iwanowski.de\/blog\/wp-content\/uploads\/2023\/06\/9b-NY-GovIsland-Total-1536x1152.jpg 1536w, https:\/\/www.iwanowski.de\/blog\/wp-content\/uploads\/2023\/06\/9b-NY-GovIsland-Total.jpg 1680w\" sizes=\"auto, (max-width: 300px) 100vw, 300px\" \/><\/a>\n\t\t\t<\/dt>\n\t\t\t\t<dd class='wp-caption-text gallery-caption' id='gallery-5-31048'>\n\t\t\t\t&#8220;Gr\u00fcne Insel&#8221; in jeder Hinsicht: Governors Island\n\t\t\t\t<\/dd><\/dl><br style=\"clear: both\" \/>\n\t\t<\/div>\n\n<p>Ein \u201e<strong>Net-Zero Campus<\/strong>\u201d ist auf Governors Island geplant. Das Architekturb\u00fcro SOM hat daf\u00fcr Pl\u00e4ne vorgelegt, genannt \u201cNew York Climate Exchange\u201d, in Partnerschaft mit der Stony Brook University. Unter \u201enet-zero\u201c ist das Gleichgewicht zwischen der Menge von Treibhausgasen, die produziert und jener, die der Atmosph\u00e4re entzogen wird, gemeint. Das Center soll als Modell f\u00fcr Nachhaltigkeit, f\u00fcr die Entwicklung neuer Energie-Strategien, die Verwendung von Regenwasser, von Sonnenenergie und die Umnutzung alter, existierender Bauten dienen.<\/p>\n<p><strong>Infos<\/strong>: <a href=\"http:\/\/www.archdaily.com\/999994\/som-reveals-design-for-a-net-zero-campus-on-governors-island-new-york-city\" data-wpel-link=\"external\" target=\"_blank\" rel=\"nofollow noopener noreferrer\" class=\"ext-link\">www.archdaily.com\/999994\/som-reveals-design-for-a-net-zero-campus-on-governors-island-new-york-city<\/a><\/p>\n<div class=\\'gallery\\'><dl class='gallery-item'>\n\t\t\t<dt class='gallery-icon landscape'>\n\t\t\t\t<a href=\"https:\/\/www.iwanowski.de\/blog\/wp-content\/uploads\/2023\/06\/10-NY-Queens-LArmstrongCampus.jpg\" data-wpel-link=\"internal\"><img loading=\"lazy\" decoding=\"async\" width=\"300\" height=\"225\" src=\"https:\/\/www.iwanowski.de\/blog\/wp-content\/uploads\/2023\/06\/10-NY-Queens-LArmstrongCampus-300x225.jpg\" class=\"attachment-medium size-medium\" alt=\"\" aria-describedby=\"gallery-6-31049\" srcset=\"https:\/\/www.iwanowski.de\/blog\/wp-content\/uploads\/2023\/06\/10-NY-Queens-LArmstrongCampus-300x225.jpg 300w, https:\/\/www.iwanowski.de\/blog\/wp-content\/uploads\/2023\/06\/10-NY-Queens-LArmstrongCampus-1024x768.jpg 1024w, https:\/\/www.iwanowski.de\/blog\/wp-content\/uploads\/2023\/06\/10-NY-Queens-LArmstrongCampus-768x576.jpg 768w, https:\/\/www.iwanowski.de\/blog\/wp-content\/uploads\/2023\/06\/10-NY-Queens-LArmstrongCampus-1536x1152.jpg 1536w, https:\/\/www.iwanowski.de\/blog\/wp-content\/uploads\/2023\/06\/10-NY-Queens-LArmstrongCampus.jpg 1778w\" sizes=\"auto, (max-width: 300px) 100vw, 300px\" \/><\/a>\n\t\t\t<\/dt>\n\t\t\t\t<dd class='wp-caption-text gallery-caption' id='gallery-6-31049'>\n\t\t\t\tHier noch im Bau: der neue Armstrong Corona Campus in Queens\n\t\t\t\t<\/dd><\/dl><dl class='gallery-item'>\n\t\t\t<dt class='gallery-icon portrait'>\n\t\t\t\t<a href=\"https:\/\/www.iwanowski.de\/blog\/wp-content\/uploads\/2023\/06\/11-NYC-Harlem-ApolloTheaterNight-scaled.jpg\" data-wpel-link=\"internal\"><img loading=\"lazy\" decoding=\"async\" width=\"225\" height=\"300\" src=\"https:\/\/www.iwanowski.de\/blog\/wp-content\/uploads\/2023\/06\/11-NYC-Harlem-ApolloTheaterNight-225x300.jpg\" class=\"attachment-medium size-medium\" alt=\"\" aria-describedby=\"gallery-6-31050\" srcset=\"https:\/\/www.iwanowski.de\/blog\/wp-content\/uploads\/2023\/06\/11-NYC-Harlem-ApolloTheaterNight-225x300.jpg 225w, https:\/\/www.iwanowski.de\/blog\/wp-content\/uploads\/2023\/06\/11-NYC-Harlem-ApolloTheaterNight-768x1024.jpg 768w, https:\/\/www.iwanowski.de\/blog\/wp-content\/uploads\/2023\/06\/11-NYC-Harlem-ApolloTheaterNight-1152x1536.jpg 1152w, https:\/\/www.iwanowski.de\/blog\/wp-content\/uploads\/2023\/06\/11-NYC-Harlem-ApolloTheaterNight-1536x2048.jpg 1536w, https:\/\/www.iwanowski.de\/blog\/wp-content\/uploads\/2023\/06\/11-NYC-Harlem-ApolloTheaterNight-360x480.jpg 360w, https:\/\/www.iwanowski.de\/blog\/wp-content\/uploads\/2023\/06\/11-NYC-Harlem-ApolloTheaterNight-scaled.jpg 1920w\" sizes=\"auto, (max-width: 225px) 100vw, 225px\" \/><\/a>\n\t\t\t<\/dt>\n\t\t\t\t<dd class='wp-caption-text gallery-caption' id='gallery-6-31050'>\n\t\t\t\tDas alte Apollo Theater erh\u00e4lt Zuwachs\n\t\t\t\t<\/dd><\/dl><dl class='gallery-item'>\n\t\t\t<dt class='gallery-icon portrait'>\n\t\t\t\t<a href=\"https:\/\/www.iwanowski.de\/blog\/wp-content\/uploads\/2023\/06\/12-NY-WTCSite-PerelmanPAC.jpg\" data-wpel-link=\"internal\"><img loading=\"lazy\" decoding=\"async\" width=\"225\" height=\"300\" src=\"https:\/\/www.iwanowski.de\/blog\/wp-content\/uploads\/2023\/06\/12-NY-WTCSite-PerelmanPAC-225x300.jpg\" class=\"attachment-medium size-medium\" alt=\"\" aria-describedby=\"gallery-6-31051\" srcset=\"https:\/\/www.iwanowski.de\/blog\/wp-content\/uploads\/2023\/06\/12-NY-WTCSite-PerelmanPAC-225x300.jpg 225w, https:\/\/www.iwanowski.de\/blog\/wp-content\/uploads\/2023\/06\/12-NY-WTCSite-PerelmanPAC-768x1024.jpg 768w, https:\/\/www.iwanowski.de\/blog\/wp-content\/uploads\/2023\/06\/12-NY-WTCSite-PerelmanPAC-1152x1536.jpg 1152w, https:\/\/www.iwanowski.de\/blog\/wp-content\/uploads\/2023\/06\/12-NY-WTCSite-PerelmanPAC-360x480.jpg 360w, https:\/\/www.iwanowski.de\/blog\/wp-content\/uploads\/2023\/06\/12-NY-WTCSite-PerelmanPAC.jpg 1167w\" sizes=\"auto, (max-width: 225px) 100vw, 225px\" \/><\/a>\n\t\t\t<\/dt>\n\t\t\t\t<dd class='wp-caption-text gallery-caption' id='gallery-6-31051'>\n\t\t\t\tFast fertig auf dem Bild: Das Perelman Performing Arts Center\n\t\t\t\t<\/dd><\/dl><br style=\"clear: both\" \/>\n\t\t<\/div>\n\n<p>Kurz vor der Er\u00f6ffnung steht auch der neue <strong>Armstrong Corona Campus <\/strong>(<a href=\"http:\/\/www.louisarmstronghouse.org\/our-new-center\" data-wpel-link=\"external\" target=\"_blank\" rel=\"nofollow noopener noreferrer\" class=\"ext-link\">www.louisarmstronghouse.org\/our-new-center<\/a>), dessen Kernst\u00fcck Louis Armstrongs Wohnhaus ist. Im September 2023 bereits wird das <strong>Perelman Performing Arts Center<\/strong> am World Trade Center (PAC, <a href=\"https:\/\/pacnyc.org\/\" data-wpel-link=\"external\" target=\"_blank\" rel=\"nofollow noopener noreferrer\" class=\"ext-link\">https:\/\/pacnyc.org<\/a>) als neue B\u00fchne f\u00fcr Theater, Oper, Tanz, Film und Medien er\u00f6ffnen und ebenfalls noch dieses Jahr steht die Er\u00f6ffnung des <strong>Apollo Performing Arts Center <\/strong>(<a href=\"http:\/\/www.apollotheater.org\/\" data-wpel-link=\"external\" target=\"_blank\" rel=\"nofollow noopener noreferrer\" class=\"ext-link\">www.apollotheater.org<\/a>) in Harlem an.<\/p>\n<div id=\"attachment_31052\" style=\"width: 730px\" class=\"wp-caption alignnone\"><a href=\"https:\/\/www.iwanowski.de\/blog\/wp-content\/uploads\/2023\/06\/13-NYC-FlatironBldgJPG.jpg\" data-wpel-link=\"internal\"><img loading=\"lazy\" decoding=\"async\" aria-describedby=\"caption-attachment-31052\" class=\"wp-image-31052 size-large\" src=\"https:\/\/www.iwanowski.de\/blog\/wp-content\/uploads\/2023\/06\/13-NYC-FlatironBldgJPG-768x1024.jpg\" alt=\"\" width=\"720\" height=\"960\" srcset=\"https:\/\/www.iwanowski.de\/blog\/wp-content\/uploads\/2023\/06\/13-NYC-FlatironBldgJPG-768x1024.jpg 768w, https:\/\/www.iwanowski.de\/blog\/wp-content\/uploads\/2023\/06\/13-NYC-FlatironBldgJPG-225x300.jpg 225w, https:\/\/www.iwanowski.de\/blog\/wp-content\/uploads\/2023\/06\/13-NYC-FlatironBldgJPG-1152x1536.jpg 1152w, https:\/\/www.iwanowski.de\/blog\/wp-content\/uploads\/2023\/06\/13-NYC-FlatironBldgJPG-360x480.jpg 360w, https:\/\/www.iwanowski.de\/blog\/wp-content\/uploads\/2023\/06\/13-NYC-FlatironBldgJPG.jpg 1333w\" sizes=\"auto, (max-width: 720px) 100vw, 720px\" \/><\/a><p id=\"caption-attachment-31052\" class=\"wp-caption-text\">Das symboltr\u00e4chtige B\u00fcgeleisengeb\u00e4ude wurde unl\u00e4ngst versteigert<\/p><\/div>\n<p>Das lange leerstehende, h\u00e4ufig in Filmen zu sehende <strong>Flatiron Building<\/strong> (<a href=\"https:\/\/theflatironbuilding.com\/\" data-wpel-link=\"external\" target=\"_blank\" rel=\"nofollow noopener noreferrer\" class=\"ext-link\">https:\/\/theflatironbuilding.com<\/a>) \u2013 urspr\u00fcnglich 1902 als \u201eFuller Building\u201c er\u00f6ffnet \u2013 wurde k\u00fcrzlich zum zweiten Mal auf einer Auktion versteigert, dieses Mal f\u00fcr 161 Mio. Dollar! Geplant ist jetzt vom neuen Besitzer die Umwandlung in ein Apartmentgeb\u00e4ude. Seit 1966 steht der Bau als \u201eLandmark\u201c unter Denkmalschutz.<\/p>\n<div id=\"attachment_31053\" style=\"width: 730px\" class=\"wp-caption alignnone\"><a href=\"https:\/\/www.iwanowski.de\/blog\/wp-content\/uploads\/2023\/06\/14-NY-BrooklynBridge.jpg\" data-wpel-link=\"internal\"><img loading=\"lazy\" decoding=\"async\" aria-describedby=\"caption-attachment-31053\" class=\"wp-image-31053 size-large\" src=\"https:\/\/www.iwanowski.de\/blog\/wp-content\/uploads\/2023\/06\/14-NY-BrooklynBridge-1024x768.jpg\" alt=\"\" width=\"720\" height=\"540\" srcset=\"https:\/\/www.iwanowski.de\/blog\/wp-content\/uploads\/2023\/06\/14-NY-BrooklynBridge-1024x768.jpg 1024w, https:\/\/www.iwanowski.de\/blog\/wp-content\/uploads\/2023\/06\/14-NY-BrooklynBridge-300x225.jpg 300w, https:\/\/www.iwanowski.de\/blog\/wp-content\/uploads\/2023\/06\/14-NY-BrooklynBridge-768x576.jpg 768w, https:\/\/www.iwanowski.de\/blog\/wp-content\/uploads\/2023\/06\/14-NY-BrooklynBridge.jpg 1224w\" sizes=\"auto, (max-width: 720px) 100vw, 720px\" \/><\/a><p id=\"caption-attachment-31053\" class=\"wp-caption-text\">Die Brooklyn Bridge<\/p><\/div>\n<p><strong>The Arches <\/strong>hei\u00dft ein neuer Park am Ende und unter der Brooklyn Bridge, rechtzeitig zum 140. Geburtstag der Br\u00fccke an der Kreuzung Rose Street und Avenue of the Finest er\u00f6ffnet. Wiedererstanden ist der lange geschlossene Skatepark und es gibt zahlreiche weitere Sportpl\u00e4tze. <strong>Infos<\/strong>: <a href=\"http:\/\/www.timeout.com\/newyork\/news\/the-arches-a-new-public-park-opens-beneath-the-brooklyn-bridge-052623\" data-wpel-link=\"external\" target=\"_blank\" rel=\"nofollow noopener noreferrer\" class=\"ext-link\">www.timeout.com\/newyork\/news\/the-arches-a-new-public-park-opens-beneath-the-brooklyn-bridge-052623<\/a><\/p>\n<h3>Neues aus New Orleans<em>&nbsp;<\/em><\/h3>\n<div class=\\'gallery\\'><dl class='gallery-item'>\n\t\t\t<dt class='gallery-icon landscape'>\n\t\t\t\t<a href=\"https:\/\/www.iwanowski.de\/blog\/wp-content\/uploads\/2023\/06\/15a-NO-LCM-Bldg.jpg\" data-wpel-link=\"internal\"><img loading=\"lazy\" decoding=\"async\" width=\"300\" height=\"200\" src=\"https:\/\/www.iwanowski.de\/blog\/wp-content\/uploads\/2023\/06\/15a-NO-LCM-Bldg-300x200.jpg\" class=\"attachment-medium size-medium\" alt=\"\" aria-describedby=\"gallery-7-31054\" srcset=\"https:\/\/www.iwanowski.de\/blog\/wp-content\/uploads\/2023\/06\/15a-NO-LCM-Bldg-300x200.jpg 300w, https:\/\/www.iwanowski.de\/blog\/wp-content\/uploads\/2023\/06\/15a-NO-LCM-Bldg-1024x683.jpg 1024w, https:\/\/www.iwanowski.de\/blog\/wp-content\/uploads\/2023\/06\/15a-NO-LCM-Bldg-768x512.jpg 768w, https:\/\/www.iwanowski.de\/blog\/wp-content\/uploads\/2023\/06\/15a-NO-LCM-Bldg-1536x1024.jpg 1536w, https:\/\/www.iwanowski.de\/blog\/wp-content\/uploads\/2023\/06\/15a-NO-LCM-Bldg.jpg 1672w\" sizes=\"auto, (max-width: 300px) 100vw, 300px\" \/><\/a>\n\t\t\t<\/dt>\n\t\t\t\t<dd class='wp-caption-text gallery-caption' id='gallery-7-31054'>\n\t\t\t\tDas Neue LCM im City Park\n\t\t\t\t<\/dd><\/dl><dl class='gallery-item'>\n\t\t\t<dt class='gallery-icon landscape'>\n\t\t\t\t<a href=\"https:\/\/www.iwanowski.de\/blog\/wp-content\/uploads\/2023\/06\/15b-NO-LCM-ExhibMississippi.jpg\" data-wpel-link=\"internal\"><img loading=\"lazy\" decoding=\"async\" width=\"300\" height=\"200\" src=\"https:\/\/www.iwanowski.de\/blog\/wp-content\/uploads\/2023\/06\/15b-NO-LCM-ExhibMississippi-300x200.jpg\" class=\"attachment-medium size-medium\" alt=\"\" srcset=\"https:\/\/www.iwanowski.de\/blog\/wp-content\/uploads\/2023\/06\/15b-NO-LCM-ExhibMississippi-300x200.jpg 300w, https:\/\/www.iwanowski.de\/blog\/wp-content\/uploads\/2023\/06\/15b-NO-LCM-ExhibMississippi-1024x683.jpg 1024w, https:\/\/www.iwanowski.de\/blog\/wp-content\/uploads\/2023\/06\/15b-NO-LCM-ExhibMississippi-768x512.jpg 768w, https:\/\/www.iwanowski.de\/blog\/wp-content\/uploads\/2023\/06\/15b-NO-LCM-ExhibMississippi-1536x1024.jpg 1536w, https:\/\/www.iwanowski.de\/blog\/wp-content\/uploads\/2023\/06\/15b-NO-LCM-ExhibMississippi.jpg 1672w\" sizes=\"auto, (max-width: 300px) 100vw, 300px\" \/><\/a>\n\t\t\t<\/dt><\/dl><br style=\"clear: both\" \/>\n\t\t<\/div>\n\n<p>Im City Park wurde kurz vor Corona das <strong>Louisiana Children\u2019s Museum<\/strong> (<a href=\"http:\/\/www.lcm.org\/\" data-wpel-link=\"external\" target=\"_blank\" rel=\"nofollow noopener noreferrer\" class=\"ext-link\">www.lcm.org<\/a>) er\u00f6ffnet. Es gibt f\u00fcnf interaktive Ausstellungen, darunter eine besonders interessante zum Mississippi, sowie weitere im Freien, auf dem umgebenden Parkgel\u00e4nde. Das Geb\u00e4ude ist lichtdurchflutet und gro\u00dfz\u00fcgig, die Ausstellungen, z.B. zum Mississippi, Hands-on und interaktiv, ideal f\u00fcr Familien mit Kleinkindern.&nbsp; Zugeh\u00f6rig ist das Lokal \u201eAcorn\u201c.<\/p>\n<div class=\\'gallery\\'><dl class='gallery-item'>\n\t\t\t<dt class='gallery-icon landscape'>\n\t\t\t\t<a href=\"https:\/\/www.iwanowski.de\/blog\/wp-content\/uploads\/2023\/06\/16a-NO-NoMASculptGarden1.jpg\" data-wpel-link=\"internal\"><img loading=\"lazy\" decoding=\"async\" width=\"300\" height=\"200\" src=\"https:\/\/www.iwanowski.de\/blog\/wp-content\/uploads\/2023\/06\/16a-NO-NoMASculptGarden1-300x200.jpg\" class=\"attachment-medium size-medium\" alt=\"\" aria-describedby=\"gallery-8-31056\" srcset=\"https:\/\/www.iwanowski.de\/blog\/wp-content\/uploads\/2023\/06\/16a-NO-NoMASculptGarden1-300x200.jpg 300w, https:\/\/www.iwanowski.de\/blog\/wp-content\/uploads\/2023\/06\/16a-NO-NoMASculptGarden1-1024x682.jpg 1024w, https:\/\/www.iwanowski.de\/blog\/wp-content\/uploads\/2023\/06\/16a-NO-NoMASculptGarden1-768x512.jpg 768w, https:\/\/www.iwanowski.de\/blog\/wp-content\/uploads\/2023\/06\/16a-NO-NoMASculptGarden1.jpg 1520w\" sizes=\"auto, (max-width: 300px) 100vw, 300px\" \/><\/a>\n\t\t\t<\/dt>\n\t\t\t\t<dd class='wp-caption-text gallery-caption' id='gallery-8-31056'>\n\t\t\t\tTolle Skulpturen in Lousiana-Landschaft\n\t\t\t\t<\/dd><\/dl><dl class='gallery-item'>\n\t\t\t<dt class='gallery-icon landscape'>\n\t\t\t\t<a href=\"https:\/\/www.iwanowski.de\/blog\/wp-content\/uploads\/2023\/06\/16b-NO-NoMASculptGarden2.jpg\" data-wpel-link=\"internal\"><img loading=\"lazy\" decoding=\"async\" width=\"300\" height=\"200\" src=\"https:\/\/www.iwanowski.de\/blog\/wp-content\/uploads\/2023\/06\/16b-NO-NoMASculptGarden2-300x200.jpg\" class=\"attachment-medium size-medium\" alt=\"\" srcset=\"https:\/\/www.iwanowski.de\/blog\/wp-content\/uploads\/2023\/06\/16b-NO-NoMASculptGarden2-300x200.jpg 300w, https:\/\/www.iwanowski.de\/blog\/wp-content\/uploads\/2023\/06\/16b-NO-NoMASculptGarden2-1024x682.jpg 1024w, https:\/\/www.iwanowski.de\/blog\/wp-content\/uploads\/2023\/06\/16b-NO-NoMASculptGarden2-768x512.jpg 768w, https:\/\/www.iwanowski.de\/blog\/wp-content\/uploads\/2023\/06\/16b-NO-NoMASculptGarden2.jpg 1520w\" sizes=\"auto, (max-width: 300px) 100vw, 300px\" \/><\/a>\n\t\t\t<\/dt><\/dl><dl class='gallery-item'>\n\t\t\t<dt class='gallery-icon landscape'>\n\t\t\t\t<a href=\"https:\/\/www.iwanowski.de\/blog\/wp-content\/uploads\/2023\/06\/16c-NO-NoMASculptGarden3.jpg\" data-wpel-link=\"internal\"><img loading=\"lazy\" decoding=\"async\" width=\"300\" height=\"200\" src=\"https:\/\/www.iwanowski.de\/blog\/wp-content\/uploads\/2023\/06\/16c-NO-NoMASculptGarden3-300x200.jpg\" class=\"attachment-medium size-medium\" alt=\"\" srcset=\"https:\/\/www.iwanowski.de\/blog\/wp-content\/uploads\/2023\/06\/16c-NO-NoMASculptGarden3-300x200.jpg 300w, https:\/\/www.iwanowski.de\/blog\/wp-content\/uploads\/2023\/06\/16c-NO-NoMASculptGarden3-1024x682.jpg 1024w, https:\/\/www.iwanowski.de\/blog\/wp-content\/uploads\/2023\/06\/16c-NO-NoMASculptGarden3-768x512.jpg 768w, https:\/\/www.iwanowski.de\/blog\/wp-content\/uploads\/2023\/06\/16c-NO-NoMASculptGarden3.jpg 1520w\" sizes=\"auto, (max-width: 300px) 100vw, 300px\" \/><\/a>\n\t\t\t<\/dt><\/dl><br style=\"clear: both\" \/>\n\t\t<\/div>\n\n<p>Eine neue Caf\u00e9 Du Monde-Filiale entstand s\u00fcdlich des vergr\u00f6\u00dferten <strong>Besthoff Sculpture Gardens <\/strong>(<a href=\"https:\/\/noma.org\/besthoff-sculpture-garden\" data-wpel-link=\"external\" target=\"_blank\" rel=\"nofollow noopener noreferrer\" class=\"ext-link\">https:\/\/noma.org\/besthoff-sculpture-garden<\/a>), Teil des NOMA &#8211; New Orleans Museum of Art. Das Au\u00dfergew\u00f6hnliche dieses Skulpturen-Parks ist, dass hier die hochkar\u00e4tigen Skulpturen harmonisch in eine nat\u00fcrliche Landschaft aus Pinien, Magnolien, Live Oaks und zwei Seen eingef\u00fcgt wurden. 2003 ins Leben gerufen, wurde der Garten 2019 ums Doppelte vergr\u00f6\u00dfert und bietet nun \u00fcber 90 Skulpturen!<\/p>\n<div class=\\'gallery\\'><dl class='gallery-item'>\n\t\t\t<dt class='gallery-icon landscape'>\n\t\t\t\t<a href=\"https:\/\/www.iwanowski.de\/blog\/wp-content\/uploads\/2023\/06\/17a-NO-JAMNOLA-ExhibMural.jpg\" data-wpel-link=\"internal\"><img loading=\"lazy\" decoding=\"async\" width=\"300\" height=\"200\" src=\"https:\/\/www.iwanowski.de\/blog\/wp-content\/uploads\/2023\/06\/17a-NO-JAMNOLA-ExhibMural-300x200.jpg\" class=\"attachment-medium size-medium\" alt=\"\" aria-describedby=\"gallery-9-31059\" srcset=\"https:\/\/www.iwanowski.de\/blog\/wp-content\/uploads\/2023\/06\/17a-NO-JAMNOLA-ExhibMural-300x200.jpg 300w, https:\/\/www.iwanowski.de\/blog\/wp-content\/uploads\/2023\/06\/17a-NO-JAMNOLA-ExhibMural-1024x682.jpg 1024w, https:\/\/www.iwanowski.de\/blog\/wp-content\/uploads\/2023\/06\/17a-NO-JAMNOLA-ExhibMural-768x512.jpg 768w, https:\/\/www.iwanowski.de\/blog\/wp-content\/uploads\/2023\/06\/17a-NO-JAMNOLA-ExhibMural.jpg 1520w\" sizes=\"auto, (max-width: 300px) 100vw, 300px\" \/><\/a>\n\t\t\t<\/dt>\n\t\t\t\t<dd class='wp-caption-text gallery-caption' id='gallery-9-31059'>\n\t\t\t\t&#8220;Joy, Art &#038; Music&#8221; in JAMNOLA\n\t\t\t\t<\/dd><\/dl><dl class='gallery-item'>\n\t\t\t<dt class='gallery-icon portrait'>\n\t\t\t\t<a href=\"https:\/\/www.iwanowski.de\/blog\/wp-content\/uploads\/2023\/06\/17b-NO-JAMNOLA-ExhibMusicians.jpg\" data-wpel-link=\"internal\"><img loading=\"lazy\" decoding=\"async\" width=\"200\" height=\"300\" src=\"https:\/\/www.iwanowski.de\/blog\/wp-content\/uploads\/2023\/06\/17b-NO-JAMNOLA-ExhibMusicians-200x300.jpg\" class=\"attachment-medium size-medium\" alt=\"\" srcset=\"https:\/\/www.iwanowski.de\/blog\/wp-content\/uploads\/2023\/06\/17b-NO-JAMNOLA-ExhibMusicians-200x300.jpg 200w, https:\/\/www.iwanowski.de\/blog\/wp-content\/uploads\/2023\/06\/17b-NO-JAMNOLA-ExhibMusicians-683x1024.jpg 683w, https:\/\/www.iwanowski.de\/blog\/wp-content\/uploads\/2023\/06\/17b-NO-JAMNOLA-ExhibMusicians-768x1152.jpg 768w, https:\/\/www.iwanowski.de\/blog\/wp-content\/uploads\/2023\/06\/17b-NO-JAMNOLA-ExhibMusicians-1024x1536.jpg 1024w, https:\/\/www.iwanowski.de\/blog\/wp-content\/uploads\/2023\/06\/17b-NO-JAMNOLA-ExhibMusicians.jpg 1216w\" sizes=\"auto, (max-width: 200px) 100vw, 200px\" \/><\/a>\n\t\t\t<\/dt><\/dl><br style=\"clear: both\" \/>\n\t\t<\/div>\n\n<p><strong>JAMNOLA<\/strong> (<a href=\"https:\/\/jamnola.com\/\" data-wpel-link=\"external\" target=\"_blank\" rel=\"nofollow noopener noreferrer\" class=\"ext-link\">https:\/\/jamnola.com<\/a>) steht f\u00fcr &#8220;Joy, Art &amp; Music&#8221; und l\u00e4dt ein zu einem Rundgang durch die Kultur, Musik und Geschichte von New Orleans. Mehrere \u201eKunstr\u00e4ume\u201c bieten nicht nur Augenschmaus, sondern vielf\u00e4ltige Informationen zu Kunst, Musik, Essen und Kultur in der Stadt. Diese ungew\u00f6hnliche Attraktion befindet sich in einem Industriegeb\u00e4ude in Bywater, einem Stadtteil, der mit seiner wundersch\u00f6nen Architektur, mit kleinen Mom&amp;Pop-Stores, Caf\u00e9s und Kneipen, wie das benachbarte Marigny, pr\u00e4destiniert ist zum Bummel.<\/p>\n<div id=\"attachment_31061\" style=\"width: 730px\" class=\"wp-caption alignnone\"><a href=\"https:\/\/www.iwanowski.de\/blog\/wp-content\/uploads\/2023\/06\/18-NO-BywaterNeighborhood.jpg\" data-wpel-link=\"internal\"><img loading=\"lazy\" decoding=\"async\" aria-describedby=\"caption-attachment-31061\" class=\"wp-image-31061 size-large\" src=\"https:\/\/www.iwanowski.de\/blog\/wp-content\/uploads\/2023\/06\/18-NO-BywaterNeighborhood-1024x683.jpg\" alt=\"\" width=\"720\" height=\"480\" srcset=\"https:\/\/www.iwanowski.de\/blog\/wp-content\/uploads\/2023\/06\/18-NO-BywaterNeighborhood-1024x683.jpg 1024w, https:\/\/www.iwanowski.de\/blog\/wp-content\/uploads\/2023\/06\/18-NO-BywaterNeighborhood-300x200.jpg 300w, https:\/\/www.iwanowski.de\/blog\/wp-content\/uploads\/2023\/06\/18-NO-BywaterNeighborhood-768x512.jpg 768w, https:\/\/www.iwanowski.de\/blog\/wp-content\/uploads\/2023\/06\/18-NO-BywaterNeighborhood-1536x1024.jpg 1536w, https:\/\/www.iwanowski.de\/blog\/wp-content\/uploads\/2023\/06\/18-NO-BywaterNeighborhood.jpg 1824w\" sizes=\"auto, (max-width: 720px) 100vw, 720px\" \/><\/a><p id=\"caption-attachment-31061\" class=\"wp-caption-text\">Bywater Architektur<\/p><\/div>\n<div class=\\'gallery\\'><dl class='gallery-item'>\n\t\t\t<dt class='gallery-icon landscape'>\n\t\t\t\t<a href=\"https:\/\/www.iwanowski.de\/blog\/wp-content\/uploads\/2023\/06\/19a-NO-VUE-ObservatDeck.jpg\" data-wpel-link=\"internal\"><img loading=\"lazy\" decoding=\"async\" width=\"300\" height=\"200\" src=\"https:\/\/www.iwanowski.de\/blog\/wp-content\/uploads\/2023\/06\/19a-NO-VUE-ObservatDeck-300x200.jpg\" class=\"attachment-medium size-medium\" alt=\"\" aria-describedby=\"gallery-10-31062\" srcset=\"https:\/\/www.iwanowski.de\/blog\/wp-content\/uploads\/2023\/06\/19a-NO-VUE-ObservatDeck-300x200.jpg 300w, https:\/\/www.iwanowski.de\/blog\/wp-content\/uploads\/2023\/06\/19a-NO-VUE-ObservatDeck-1024x683.jpg 1024w, https:\/\/www.iwanowski.de\/blog\/wp-content\/uploads\/2023\/06\/19a-NO-VUE-ObservatDeck-768x512.jpg 768w, https:\/\/www.iwanowski.de\/blog\/wp-content\/uploads\/2023\/06\/19a-NO-VUE-ObservatDeck-1536x1024.jpg 1536w, https:\/\/www.iwanowski.de\/blog\/wp-content\/uploads\/2023\/06\/19a-NO-VUE-ObservatDeck.jpg 1824w\" sizes=\"auto, (max-width: 300px) 100vw, 300px\" \/><\/a>\n\t\t\t<\/dt>\n\t\t\t\t<dd class='wp-caption-text gallery-caption' id='gallery-10-31062'>\n\t\t\t\tVUE Orleans \n\t\t\t\t<\/dd><\/dl><dl class='gallery-item'>\n\t\t\t<dt class='gallery-icon landscape'>\n\t\t\t\t<a href=\"https:\/\/www.iwanowski.de\/blog\/wp-content\/uploads\/2023\/06\/19b-NO-VUE-Ausblick.jpg\" data-wpel-link=\"internal\"><img loading=\"lazy\" decoding=\"async\" width=\"300\" height=\"113\" src=\"https:\/\/www.iwanowski.de\/blog\/wp-content\/uploads\/2023\/06\/19b-NO-VUE-Ausblick-300x113.jpg\" class=\"attachment-medium size-medium\" alt=\"\" srcset=\"https:\/\/www.iwanowski.de\/blog\/wp-content\/uploads\/2023\/06\/19b-NO-VUE-Ausblick-300x113.jpg 300w, https:\/\/www.iwanowski.de\/blog\/wp-content\/uploads\/2023\/06\/19b-NO-VUE-Ausblick-1024x385.jpg 1024w, https:\/\/www.iwanowski.de\/blog\/wp-content\/uploads\/2023\/06\/19b-NO-VUE-Ausblick-768x289.jpg 768w, https:\/\/www.iwanowski.de\/blog\/wp-content\/uploads\/2023\/06\/19b-NO-VUE-Ausblick-1536x578.jpg 1536w, https:\/\/www.iwanowski.de\/blog\/wp-content\/uploads\/2023\/06\/19b-NO-VUE-Ausblick-2048x770.jpg 2048w\" sizes=\"auto, (max-width: 300px) 100vw, 300px\" \/><\/a>\n\t\t\t<\/dt><\/dl><dl class='gallery-item'>\n\t\t\t<dt class='gallery-icon landscape'>\n\t\t\t\t<a href=\"https:\/\/www.iwanowski.de\/blog\/wp-content\/uploads\/2023\/06\/19c-NO-VUE-CookingShow.jpg\" data-wpel-link=\"internal\"><img loading=\"lazy\" decoding=\"async\" width=\"300\" height=\"200\" src=\"https:\/\/www.iwanowski.de\/blog\/wp-content\/uploads\/2023\/06\/19c-NO-VUE-CookingShow-300x200.jpg\" class=\"attachment-medium size-medium\" alt=\"\" srcset=\"https:\/\/www.iwanowski.de\/blog\/wp-content\/uploads\/2023\/06\/19c-NO-VUE-CookingShow-300x200.jpg 300w, https:\/\/www.iwanowski.de\/blog\/wp-content\/uploads\/2023\/06\/19c-NO-VUE-CookingShow-1024x683.jpg 1024w, https:\/\/www.iwanowski.de\/blog\/wp-content\/uploads\/2023\/06\/19c-NO-VUE-CookingShow-768x512.jpg 768w, https:\/\/www.iwanowski.de\/blog\/wp-content\/uploads\/2023\/06\/19c-NO-VUE-CookingShow-1536x1024.jpg 1536w, https:\/\/www.iwanowski.de\/blog\/wp-content\/uploads\/2023\/06\/19c-NO-VUE-CookingShow.jpg 1824w\" sizes=\"auto, (max-width: 300px) 100vw, 300px\" \/><\/a>\n\t\t\t<\/dt><\/dl><br style=\"clear: both\" \/>\n\t\t<\/div>\n\n<p>In dem lange leerstehende Geb\u00e4ude des fr\u00fcheren World Trade Centers an New Orleans&#8217; Waterfront, einst miz beliebter rotierender Bar, ist jetzt endlich wieder Leben eingekehrt: Abgesehen vom <strong>Four Seasons Hotel<\/strong> (<a href=\"http:\/\/www.fourseasons.com\/neworleans\/?seo=google_local_nln1_amer\" data-wpel-link=\"external\" target=\"_blank\" rel=\"nofollow noopener noreferrer\" class=\"ext-link\">www.fourseasons.com\/neworleans\/?seo=google_local_nln1_amer<\/a>) mit toller Chandelier Bar, bietet <strong>VUE Orleans<\/strong> (<a href=\"https:\/\/vueorleans.com\/\" data-wpel-link=\"external\" target=\"_blank\" rel=\"nofollow noopener noreferrer\" class=\"ext-link\">https:\/\/vueorleans.com<\/a>) ein neues Erlebnis. Es geht hier nicht allein um zwei Aussichtsplattformen mit 360 Grad-Ausblicken auf Geb\u00e4ude, Sights und Neighborhoods, die auf Computerscreens und mit Panels an den W\u00e4nden n\u00e4her erl\u00e4utert werden, sondern unten, bevor man \u00fcberhaupt in den Aufzug steigt, um interessante, interaktive Ausstellungen zu Geschichte, Kultur, Kunst, Musik und kulinarischer Szene der Stadt.<\/p>\n<div class=\\'gallery\\'><dl class='gallery-item'>\n\t\t\t<dt class='gallery-icon landscape'>\n\t\t\t\t<a href=\"https:\/\/www.iwanowski.de\/blog\/wp-content\/uploads\/2023\/06\/20a-NO-WWIIMus-Bldg.jpg\" data-wpel-link=\"internal\"><img loading=\"lazy\" decoding=\"async\" width=\"300\" height=\"200\" src=\"https:\/\/www.iwanowski.de\/blog\/wp-content\/uploads\/2023\/06\/20a-NO-WWIIMus-Bldg-300x200.jpg\" class=\"attachment-medium size-medium\" alt=\"\" aria-describedby=\"gallery-11-31065\" srcset=\"https:\/\/www.iwanowski.de\/blog\/wp-content\/uploads\/2023\/06\/20a-NO-WWIIMus-Bldg-300x200.jpg 300w, https:\/\/www.iwanowski.de\/blog\/wp-content\/uploads\/2023\/06\/20a-NO-WWIIMus-Bldg-1024x683.jpg 1024w, https:\/\/www.iwanowski.de\/blog\/wp-content\/uploads\/2023\/06\/20a-NO-WWIIMus-Bldg-768x512.jpg 768w, https:\/\/www.iwanowski.de\/blog\/wp-content\/uploads\/2023\/06\/20a-NO-WWIIMus-Bldg-1536x1024.jpg 1536w, https:\/\/www.iwanowski.de\/blog\/wp-content\/uploads\/2023\/06\/20a-NO-WWIIMus-Bldg.jpg 1824w\" sizes=\"auto, (max-width: 300px) 100vw, 300px\" \/><\/a>\n\t\t\t<\/dt>\n\t\t\t\t<dd class='wp-caption-text gallery-caption' id='gallery-11-31065'>\n\t\t\t\tBollinger Canopy of Peace und tolle Ausstellungen im WWII Museum\n\t\t\t\t<\/dd><\/dl><dl class='gallery-item'>\n\t\t\t<dt class='gallery-icon landscape'>\n\t\t\t\t<a href=\"https:\/\/www.iwanowski.de\/blog\/wp-content\/uploads\/2023\/06\/20b-NO-WWIIMus-Exhib.jpg\" data-wpel-link=\"internal\"><img loading=\"lazy\" decoding=\"async\" width=\"300\" height=\"200\" src=\"https:\/\/www.iwanowski.de\/blog\/wp-content\/uploads\/2023\/06\/20b-NO-WWIIMus-Exhib-300x200.jpg\" class=\"attachment-medium size-medium\" alt=\"\" srcset=\"https:\/\/www.iwanowski.de\/blog\/wp-content\/uploads\/2023\/06\/20b-NO-WWIIMus-Exhib-300x200.jpg 300w, https:\/\/www.iwanowski.de\/blog\/wp-content\/uploads\/2023\/06\/20b-NO-WWIIMus-Exhib-1024x683.jpg 1024w, https:\/\/www.iwanowski.de\/blog\/wp-content\/uploads\/2023\/06\/20b-NO-WWIIMus-Exhib-768x512.jpg 768w, https:\/\/www.iwanowski.de\/blog\/wp-content\/uploads\/2023\/06\/20b-NO-WWIIMus-Exhib-1536x1024.jpg 1536w, https:\/\/www.iwanowski.de\/blog\/wp-content\/uploads\/2023\/06\/20b-NO-WWIIMus-Exhib.jpg 1824w\" sizes=\"auto, (max-width: 300px) 100vw, 300px\" \/><\/a>\n\t\t\t<\/dt><\/dl><br style=\"clear: both\" \/>\n\t\t<\/div>\n\n<p>Das <strong>World War II Museum<\/strong> (<a href=\"http:\/\/www.nationalww2museum.org\/\" data-wpel-link=\"external\" target=\"_blank\" rel=\"nofollow noopener noreferrer\" class=\"ext-link\">www.nationalww2museum.org<\/a>) erhielt eine neue Sound &amp; Light Show, &#8220;Expressions of America&#8221;, und neu dazu kam &#8211; architektonisch auff\u00e4llig! &#8211; der <strong>Bollinger Canopy of Peace<\/strong>, eine fl\u00fcgelartige Konstruktion, einem Flugzeugfl\u00fcgel gleichend, der \u00fcber dem Museum schwebt und nachts beleuchtet wird. In den auch f\u00fcr \u201eKriegsmuffel\u201c h\u00f6chst interessanten Ausstellungen geht es in mehreren Geb\u00e4uden und Ebenen um die Kriegsgeschehnisse im Pazifik und in Europa, die Nachkriegsjahre, den Holocaust, die Rolle der USA und die Auswirkungen des Kriegs bis heute.<\/p>\n<div id=\"attachment_31067\" style=\"width: 693px\" class=\"wp-caption alignnone\"><a href=\"https:\/\/www.iwanowski.de\/blog\/wp-content\/uploads\/2023\/06\/21-NO-THNOC.jpg\" data-wpel-link=\"internal\"><img loading=\"lazy\" decoding=\"async\" aria-describedby=\"caption-attachment-31067\" class=\"wp-image-31067 size-large\" src=\"https:\/\/www.iwanowski.de\/blog\/wp-content\/uploads\/2023\/06\/21-NO-THNOC-683x1024.jpg\" alt=\"\" width=\"683\" height=\"1024\" srcset=\"https:\/\/www.iwanowski.de\/blog\/wp-content\/uploads\/2023\/06\/21-NO-THNOC-683x1024.jpg 683w, https:\/\/www.iwanowski.de\/blog\/wp-content\/uploads\/2023\/06\/21-NO-THNOC-200x300.jpg 200w, https:\/\/www.iwanowski.de\/blog\/wp-content\/uploads\/2023\/06\/21-NO-THNOC-768x1152.jpg 768w, https:\/\/www.iwanowski.de\/blog\/wp-content\/uploads\/2023\/06\/21-NO-THNOC-1024x1536.jpg 1024w, https:\/\/www.iwanowski.de\/blog\/wp-content\/uploads\/2023\/06\/21-NO-THNOC-1366x2048.jpg 1366w, https:\/\/www.iwanowski.de\/blog\/wp-content\/uploads\/2023\/06\/21-NO-THNOC.jpg 1419w\" sizes=\"auto, (max-width: 683px) 100vw, 683px\" \/><\/a><p id=\"caption-attachment-31067\" class=\"wp-caption-text\">Sch\u00f6ner Hof der Historic New Orleans Collection<\/p><\/div>\n<p>Die <strong>Historic New Orleans Collection<\/strong> (THNOC, <a href=\"http:\/\/www.hnoc.org\/\" data-wpel-link=\"external\" target=\"_blank\" rel=\"nofollow noopener noreferrer\" class=\"ext-link\">www.hnoc.org<\/a>) hat ein neues Geb\u00e4ude bezogen: das historische <strong>Seignouret Brulatour Building<\/strong> (520 Royal St., gegen\u00fcber dem Hauptbau). Genau genommen, handelt es sich um eine Kombination aus dem renovierten historischen Geb\u00e4ude zur Stra\u00dfe hin (f\u00fcr Dauerausstellungen) und einem neu erbauten, modernen Hinterhaus (Tricentennial Wing) f\u00fcr Wechselausstellungen und Veranstaltungen. Beide sind durch einen Innenhof verbunden, in dem sich ein nettes Caf\u00e9 befindet. Es gibt Ausstellungen zur Geschichte des French Quarter, interaktive Ausstellungsst\u00fccke, Filme u.a. Programme und ein Museumshop geh\u00f6ret ebenfalls dazu. Der bisherige Sitz der THNOC, gegen\u00fcber (533 Royal Street), ist gegenw\u00e4rtig wegen Renovierungsarbeiten geschlossen.<\/p>\n<div id=\"attachment_31068\" style=\"width: 730px\" class=\"wp-caption alignnone\"><a href=\"https:\/\/www.iwanowski.de\/blog\/wp-content\/uploads\/2023\/06\/22-NO-AquariumInsectarium.jpg\" data-wpel-link=\"internal\"><img loading=\"lazy\" decoding=\"async\" aria-describedby=\"caption-attachment-31068\" class=\"wp-image-31068 size-large\" src=\"https:\/\/www.iwanowski.de\/blog\/wp-content\/uploads\/2023\/06\/22-NO-AquariumInsectarium-1024x683.jpg\" alt=\"\" width=\"720\" height=\"480\" srcset=\"https:\/\/www.iwanowski.de\/blog\/wp-content\/uploads\/2023\/06\/22-NO-AquariumInsectarium-1024x683.jpg 1024w, https:\/\/www.iwanowski.de\/blog\/wp-content\/uploads\/2023\/06\/22-NO-AquariumInsectarium-300x200.jpg 300w, https:\/\/www.iwanowski.de\/blog\/wp-content\/uploads\/2023\/06\/22-NO-AquariumInsectarium-768x512.jpg 768w, https:\/\/www.iwanowski.de\/blog\/wp-content\/uploads\/2023\/06\/22-NO-AquariumInsectarium-1536x1024.jpg 1536w, https:\/\/www.iwanowski.de\/blog\/wp-content\/uploads\/2023\/06\/22-NO-AquariumInsectarium.jpg 1824w\" sizes=\"auto, (max-width: 720px) 100vw, 720px\" \/><\/a><p id=\"caption-attachment-31068\" class=\"wp-caption-text\">Audubon Aquarium und Insectarium &#8211; neu er\u00f6ffnet!<\/p><\/div>\n<p>Am 8. Juni er\u00f6ffnete neu am Mississippi-Ufer, als Teil des <strong>Audubon Aquariums<\/strong> in einem Anbau das <strong>Audubon Insectarium<\/strong> (<a href=\"https:\/\/audubonnatureinstitute.org\/insectarium\" data-wpel-link=\"external\" target=\"_blank\" rel=\"nofollow noopener noreferrer\" class=\"ext-link\">https:\/\/audubonnatureinstitute.org\/insectarium<\/a>). Dieses war vormals&nbsp; im Zollhaus an der Canal Street untergebracht, erhielt nun jedoch mehr Platz und eine modernere Pr\u00e4sentation und ist passenderweise mit dem Aquarium kombiniert. Dieses war ebenfalls seit November geschlossen zu Renovierungen und Umbauten. Besonders sch\u00f6n ist das Schmetterlingshaus und es gibt eine informative Ausstellung zu Bienen.<\/p>\n<p><strong>Allgemeine Infos zu New Orleans<\/strong>: <a href=\"http:\/\/www.neworleans.com\/\" data-wpel-link=\"external\" target=\"_blank\" rel=\"nofollow noopener noreferrer\" class=\"ext-link\">www.neworleans.com<\/a><\/p>\n<h3>&nbsp;News aus Colorado<\/h3>\n<div id=\"attachment_31033\" style=\"width: 730px\" class=\"wp-caption alignnone\"><a href=\"https:\/\/www.iwanowski.de\/blog\/wp-content\/uploads\/2023\/06\/23-CO-RockyMntNP.jpg\" data-wpel-link=\"internal\"><img loading=\"lazy\" decoding=\"async\" aria-describedby=\"caption-attachment-31033\" class=\"wp-image-31033 size-large\" src=\"https:\/\/www.iwanowski.de\/blog\/wp-content\/uploads\/2023\/06\/23-CO-RockyMntNP-1024x768.jpg\" alt=\"\" width=\"720\" height=\"540\" srcset=\"https:\/\/www.iwanowski.de\/blog\/wp-content\/uploads\/2023\/06\/23-CO-RockyMntNP-1024x768.jpg 1024w, https:\/\/www.iwanowski.de\/blog\/wp-content\/uploads\/2023\/06\/23-CO-RockyMntNP-300x225.jpg 300w, https:\/\/www.iwanowski.de\/blog\/wp-content\/uploads\/2023\/06\/23-CO-RockyMntNP-768x576.jpg 768w, https:\/\/www.iwanowski.de\/blog\/wp-content\/uploads\/2023\/06\/23-CO-RockyMntNP.jpg 1440w\" sizes=\"auto, (max-width: 720px) 100vw, 720px\" \/><\/a><p id=\"caption-attachment-31033\" class=\"wp-caption-text\">Rocky Mountain National Park<\/p><\/div>\n<p>Von 26. Mai bis 22. Oktober gilt nun auch im <strong>Rocky Mountain National Park<\/strong> als Pilotprojekt ein &#8220;optimiertes Reservierungssystem&#8221; in zwei Versionen, Park Access und Park Access+. Letztere beinhaltet den Zugang zu allen Zielen entlang des Bear Lake Road Corridor, zur Trail Ridge Road sowie zu allen anderen Parkbereichen. Reservierungen f\u00fcr Mai und Juni wurden am 1. Mai um 16 Uhr MEZ auf <a href=\"http:\/\/recreation.gov\/\" data-wpel-link=\"external\" target=\"_blank\" rel=\"nofollow noopener noreferrer\" class=\"ext-link\"><u>recreation.gov<\/u><\/a> freigeschaltet, f\u00fcr Juli und August am 1. Juni etc. Laut Parkverwaltung werden 40 % der Kapazit\u00e4ten bis zum jeweiligen Vortag freigehalten, so dass man noch kurzentschlossen den Park besuchen kann. Die Geb\u00fchr f\u00fcr die Reservierung betr\u00e4gt $ <strong>2 <\/strong>pro Fahrzeug. Der Eintritt in den Park kostet $ 35 pro PkW (max. 4 Pers.) und Woche. Es empfiehlt sich der Jahrespass <em>America the Beautiful <\/em>f\u00fcr $ 80, mit dem man f\u00fcr ein Jahr Zugang zu allen Einrichtungen des National Park Services in den USA erh\u00e4lt. F\u00fcr den Eintritt in den Black Canyon of the Gunnison NP, den Great Sand Dunes NP und den Mesa Verde NP&nbsp; werden keine Reservierungen ben\u00f6tigt.<\/p>\n<ul>\n<li><strong>Informationen<\/strong>: <a href=\"http:\/\/www.recreation.gov\/\" data-wpel-link=\"external\" target=\"_blank\" rel=\"nofollow noopener noreferrer\" class=\"ext-link\">www.recreation.gov<\/a>; zum Rocky Mountain NP: <a href=\"http:\/\/www.nps.gov\/romo\/index.htm\" data-wpel-link=\"external\" target=\"_blank\" rel=\"nofollow noopener noreferrer\" class=\"ext-link\">www.nps.gov\/romo\/index.htm<\/a><\/li>\n<\/ul>\n<p>&nbsp;<\/p>\n<p><a href=\"https:\/\/www.iwanowski.de\/blog\/wp-content\/uploads\/2020\/11\/IPWAward.jpg\" data-wpel-link=\"internal\"><img loading=\"lazy\" decoding=\"async\" class=\"size-full wp-image-30411 alignright\" src=\"https:\/\/www.iwanowski.de\/blog\/wp-content\/uploads\/2020\/11\/IPWAward.jpg\" alt=\"\" width=\"217\" height=\"101\"\/><\/a>Text: \u00a9Drs. Margit Brinke \u2013 Peter Kr\u00e4nzle, <a href=\"http:\/\/travelingtramps.blogspot.com\/\" data-wpel-link=\"external\" target=\"_blank\" rel=\"nofollow noopener noreferrer\" class=\"ext-link\">http:\/\/travelingtramps.blogspot.com<\/a><br \/>\nFotos: \u00a9MB sofern nicht anders angegeben.<\/p>\n<p>&nbsp;<\/p>\n<p><a href=\"https:\/\/www.america-unlimited.de\/\" target=\"_blank\" rel=\"noopener nofollow noreferrer\" data-wpel-link=\"external\" class=\"ext-link\"><img loading=\"lazy\" decoding=\"async\" class=\"alignnone wp-image-30840 size-full\" src=\"https:\/\/www.iwanowski.de\/blog\/wp-content\/uploads\/2022\/08\/America-Unlimited-Banner.jpg\" alt=\"\" width=\"1099\" height=\"555\" srcset=\"https:\/\/www.iwanowski.de\/blog\/wp-content\/uploads\/2022\/08\/America-Unlimited-Banner.jpg 1099w, https:\/\/www.iwanowski.de\/blog\/wp-content\/uploads\/2022\/08\/America-Unlimited-Banner-300x152.jpg 300w, https:\/\/www.iwanowski.de\/blog\/wp-content\/uploads\/2022\/08\/America-Unlimited-Banner-1024x517.jpg 1024w, https:\/\/www.iwanowski.de\/blog\/wp-content\/uploads\/2022\/08\/America-Unlimited-Banner-768x388.jpg 768w\" sizes=\"auto, (max-width: 1099px) 100vw, 1099px\" \/><\/a><\/p>","protected":false},"excerpt":{"rendered":"<p>Endlich wurden am 11. Mai die letzten pandemiebedingten Anforderungen der U.S.-Regierung aufgehoben. Seither ist kein Impfnachweis bei Einreise in die Vereinigten Staaten mehr n\u00f6tig. Positiv war daher auch die Stimmung auf der gr\u00f6\u00dften internationalen amerikanischen Tourismusmesse, der IPW, die Ende Mai in San Antonio\/Texas stattfand.&hellip; <a class=\"read-more\" href=\"https:\/\/www.iwanowski.de\/blog\/usa-news-35\/\" data-wpel-link=\"internal\">Weiterlesen<\/a><\/p>\n","protected":false},"author":311,"featured_media":31035,"comment_status":"open","ping_status":"open","sticky":false,"template":"","format":"standard","meta":{"ngg_post_thumbnail":0,"footnotes":""},"categories":[1,4,7127,3188,7128,7133,40,7130,7136,49,7129,59,62,5759],"tags":[],"class_list":["post-31032","post","type-post","status-publish","format-standard","has-post-thumbnail","hentry","category-allgemein","category-amerika-nord","category-flora-fauna","category-kalifornien-amerika","category-kulinarisch","category-kunst-kultur","category-new_york","category-news","category-reiseberichte","category-san_francisco","category-unterkuenfte","category-usa_kalifornien","category-usa_sueden","category-usa-texas-mittlerer-westen"],"_links":{"self":[{"href":"https:\/\/www.iwanowski.de\/blog\/wp-json\/wp\/v2\/posts\/31032","targetHints":{"allow":["GET"]}}],"collection":[{"href":"https:\/\/www.iwanowski.de\/blog\/wp-json\/wp\/v2\/posts"}],"about":[{"href":"https:\/\/www.iwanowski.de\/blog\/wp-json\/wp\/v2\/types\/post"}],"author":[{"embeddable":true,"href":"https:\/\/www.iwanowski.de\/blog\/wp-json\/wp\/v2\/users\/311"}],"replies":[{"embeddable":true,"href":"https:\/\/www.iwanowski.de\/blog\/wp-json\/wp\/v2\/comments?post=31032"}],"version-history":[{"count":7,"href":"https:\/\/www.iwanowski.de\/blog\/wp-json\/wp\/v2\/posts\/31032\/revisions"}],"predecessor-version":[{"id":31117,"href":"https:\/\/www.iwanowski.de\/blog\/wp-json\/wp\/v2\/posts\/31032\/revisions\/31117"}],"wp:featuredmedia":[{"embeddable":true,"href":"https:\/\/www.iwanowski.de\/blog\/wp-json\/wp\/v2\/media\/31035"}],"wp:attachment":[{"href":"https:\/\/www.iwanowski.de\/blog\/wp-json\/wp\/v2\/media?parent=31032"}],"wp:term":[{"taxonomy":"category","embeddable":true,"href":"https:\/\/www.iwanowski.de\/blog\/wp-json\/wp\/v2\/categories?post=31032"},{"taxonomy":"post_tag","embeddable":true,"href":"https:\/\/www.iwanowski.de\/blog\/wp-json\/wp\/v2\/tags?post=31032"}],"curies":[{"name":"wp","href":"https:\/\/api.w.org\/{rel}","templated":true}]}}