{"id":2610,"date":"2009-04-07T11:01:00","date_gmt":"2009-04-07T09:01:00","guid":{"rendered":"http:\/\/nachrichten.iwanowski.de\/2009-04-07\/allgemein\/schweden-malmo-stadt-der-strande-und-uferpromenaden.html"},"modified":"2009-04-07T11:01:00","modified_gmt":"2009-04-07T09:01:00","slug":"schweden-malmo-stadt-der-strande-und-uferpromenaden","status":"publish","type":"post","link":"https:\/\/www.iwanowski.de\/blog\/schweden-malmo-stadt-der-strande-und-uferpromenaden\/","title":{"rendered":"Schweden: Malm\u00f6 &#8211; Stadt der Str\u00e4nde und Uferpromenaden"},"content":{"rendered":"<p>Im ehemaligen Industriehafen Malm\u00f6s, nur einen Steinwurf vom Stora Torget entfernt, ist in den letzten zehn Jahren ein neues Stadtviertel entstanden, das schlicht V\u00e4stra Hamnen (Westhafen) genannt wird.<\/p>\n<p>Dieses interessante neue Viertel besteht aus Wohnungen und B\u00fcrogeb\u00e4uden, die an der langen, breiten Uferpromenade errichtet wurden,\u00a0 sowie aus zahlreichen gut besuchten, trendigen Restaurants, Bars, Caf\u00e9s und Nachtclubs.<\/p>\n<p>W\u00e4hrend der warmen Jahreszeit \u2013 die in Malm\u00f6 nat\u00fcrlich l\u00e4nger dauert als in den n\u00f6rdlicheren Teilen des Landes \u2013 wird V\u00e4stra Hamnen zu einem pulsierenden Treffpunkt f\u00fcr ein Publikum, das man in einer Stadt in diesen Breitengraden nicht unbedingt erwarten w\u00fcrde. Dem Ruf \u201eSehen und gesehen werden\u201c folgen jedoch nicht nur die Malm\u00f6er und die Bewohner der umliegenden Region, es reisen auch Besucher aus nah und fern an, um zu baden, zu relaxen, zu spielen und um sich zu zeigen.<\/p>\n<p>Von V\u00e4stra Hamnen haben Sie einen sagenhaften Blick auf die acht Kilometer lange \u00d6resundbr\u00fccke, die sich grazi\u00f6s \u00fcber den Sund nach D\u00e4nemark spannt, dessen K\u00fcste man an klaren Tagen sehen kann. Lernacken, der Ort, an dem die Br\u00fccke beginnt, ist ein weiteres beliebtes Ausflugsziel, von dem aus man das beeindruckende Bauwerk vom Aussichtsplatz auf dem Luftkastellet bewundern kann.<\/p>\n<p>Wenn Sie gerne Sand zwischen den Zehen sp\u00fcren m\u00f6chten, aber keine Lust haben, die Stadt zu verlassen, ist Malm\u00f6 eine der wenigen gr\u00f6\u00dferen St\u00e4dte Nordeuropas, deren Innenstadt einen erstklassigen Strand zu bieten hat. An dem 2,5 km langen Ribersborg Strand, der auch die Copacabana Skandinaviens genannt wird, liegt ein ber\u00fchmter Pier, der zum altehrw\u00fcrdigen Kallbadhus f\u00fchrt, einem Freibad, in dem man \u2013 nach Geschlechtern getrennt \u2013 Sommer wie Winter nackt baden kann. Im Kallbadhus sind zudem ein Restaurant und ein Caf\u00e9 untergebracht.<br \/>\nQuelle: <a target=\"_blank\" href=\"http:\/\/www.visitsweden.com\" data-wpel-link=\"external\" rel=\"nofollow noopener noreferrer\" class=\"ext-link\">www.visitsweden.com<\/a><br \/>\n<a href=\"http:\/\/nachrichten.iwanowski.de\/wp-content\/uploads\/2009\/02\/schweden.jpg\" title=\"Schweden\" data-wpel-link=\"external\" target=\"_blank\" rel=\"nofollow noopener noreferrer\" class=\"ext-link\"><img decoding=\"async\" src=\"http:\/\/nachrichten.iwanowski.de\/wp-content\/uploads\/2009\/02\/schweden.thumbnail.jpg\" alt=\"Schweden\" \/><\/a><\/p>\n<p>Viele praktische Reiseinformationen f\u00fcr einen Urlaub in Schweden finden sich in dem <a target=\"_blank\" href=\"http:\/\/www.iwanowski.de\/neuerscheinungen\/schweden.html?keyword=schweden\" data-wpel-link=\"external\" rel=\"nofollow noopener noreferrer\" class=\"ext-link\">Reisef\u00fchrer Schweden <\/a>aus dem Iwanowski Verlag, der im April 2009 in neuer Auflage erscheint.<\/p>","protected":false},"excerpt":{"rendered":"<p>Im ehemaligen Industriehafen Malm\u00f6s, nur einen Steinwurf vom Stora Torget entfernt, ist in den letzten zehn Jahren ein neues Stadtviertel entstanden, das schlicht V\u00e4stra Hamnen (Westhafen) genannt wird. Dieses interessante neue Viertel besteht aus Wohnungen und B\u00fcrogeb\u00e4uden, die an der langen, breiten Uferpromenade errichtet wurden,\u00a0&hellip; <a class=\"read-more\" href=\"https:\/\/www.iwanowski.de\/blog\/schweden-malmo-stadt-der-strande-und-uferpromenaden\/\" data-wpel-link=\"internal\">Weiterlesen<\/a><\/p>\n","protected":false},"author":25,"featured_media":0,"comment_status":"open","ping_status":"open","sticky":false,"template":"","format":"standard","meta":{"ngg_post_thumbnail":0,"footnotes":""},"categories":[1,6,51],"tags":[3101,890,2251,7098,2118],"class_list":["post-2610","post","type-post","status-publish","format-standard","hentry","category-allgemein","category-europa","category-schweden","tag-hafen-malmo","tag-malmo","tag-reisefuhrer-schweden","tag-schweden","tag-urlaub-in-schweden"],"_links":{"self":[{"href":"https:\/\/www.iwanowski.de\/blog\/wp-json\/wp\/v2\/posts\/2610","targetHints":{"allow":["GET"]}}],"collection":[{"href":"https:\/\/www.iwanowski.de\/blog\/wp-json\/wp\/v2\/posts"}],"about":[{"href":"https:\/\/www.iwanowski.de\/blog\/wp-json\/wp\/v2\/types\/post"}],"author":[{"embeddable":true,"href":"https:\/\/www.iwanowski.de\/blog\/wp-json\/wp\/v2\/users\/25"}],"replies":[{"embeddable":true,"href":"https:\/\/www.iwanowski.de\/blog\/wp-json\/wp\/v2\/comments?post=2610"}],"version-history":[{"count":0,"href":"https:\/\/www.iwanowski.de\/blog\/wp-json\/wp\/v2\/posts\/2610\/revisions"}],"wp:attachment":[{"href":"https:\/\/www.iwanowski.de\/blog\/wp-json\/wp\/v2\/media?parent=2610"}],"wp:term":[{"taxonomy":"category","embeddable":true,"href":"https:\/\/www.iwanowski.de\/blog\/wp-json\/wp\/v2\/categories?post=2610"},{"taxonomy":"post_tag","embeddable":true,"href":"https:\/\/www.iwanowski.de\/blog\/wp-json\/wp\/v2\/tags?post=2610"}],"curies":[{"name":"wp","href":"https:\/\/api.w.org\/{rel}","templated":true}]}}