{"id":16374,"date":"2014-06-11T12:03:16","date_gmt":"2014-06-11T10:03:16","guid":{"rendered":"http:\/\/www.iwanowski.de\/blog\/?p=16374"},"modified":"2014-10-10T13:02:49","modified_gmt":"2014-10-10T11:02:49","slug":"news-aus-berlin-von-michael-iwanowski-cafe-am-koernerpark-ist-wieder-eroeffnet","status":"publish","type":"post","link":"https:\/\/www.iwanowski.de\/blog\/news-aus-berlin-von-michael-iwanowski-cafe-am-koernerpark-ist-wieder-eroeffnet\/","title":{"rendered":"NEWS aus Berlin von Michael Iwanowski: Caf\u00e9 am K\u00f6rnerpark ist wieder er\u00f6ffnet"},"content":{"rendered":"<p>Das Caf\u00e9 im schattigen und\u00a0gepflegten K\u00f6rnerpark in Neuk\u00f6lln ist wieder er\u00f6ffnet. Im Sommer (Juni bis August) werden hier sonnt\u00e4glich ab 18 Uhr kostenlose Konzerte angeboten. Der Park ist leicht vom U-Bahnhof Neuk\u00f6lln zu erreichen!<br \/>\n<strong>Weitere Infos: <\/strong>www.cafe-im-koernerpark.de und www.esskultur-berlin.de<\/p>\n<p><strong>Berlin-Tipp <span style=\"color: #993300;\">Nr. 46<\/span><\/strong> in Michael Iwanowskis \u201e101 Berlin \u2013 Geheimtipps und Top-Ziele\u201c<\/p>\n<p>\u00a9\u00a0Text und Fotos: <strong>Michael Iwanowski<\/strong>,\u00a0Verleger und Autor im <a class=\"ext-link\" title=\"\" href=\"http:\/\/www.iwanowski.de\/index.php\" target=\"_blank\" rel=\"nofollow noopener noreferrer\" data-wpel-link=\"external\"><span style=\"color: #c52130;\">Iwanowski\u2019s Reisebuchverlag<\/span><\/a><\/p>\n<p><span class=\"categories\"><a href=\"http:\/\/www.iwanowski.de\/blog\/wp-content\/uploads\/2014\/05\/9783861970989.jpg\" data-wpel-link=\"internal\"><img loading=\"lazy\" decoding=\"async\" class=\"alignleft wp-image-16224\" style=\"display: block; visibility: visible; -ms-zoom: 1;\" src=\"http:\/\/www.iwanowski.de\/blog\/wp-content\/uploads\/2014\/05\/9783861970989-209x300.jpg\" alt=\"\" width=\"120\" height=\"172\" srcset=\"https:\/\/www.iwanowski.de\/blog\/wp-content\/uploads\/2014\/05\/9783861970989-209x300.jpg 209w, https:\/\/www.iwanowski.de\/blog\/wp-content\/uploads\/2014\/05\/9783861970989.jpg 386w\" sizes=\"auto, (max-width: 120px) 100vw, 120px\" \/><\/a><\/span><\/p>\n<p><span class=\"categories\">Der <a class=\"ext-link\" title=\"\" href=\"http:\/\/www.iwanowski.de\/shop\/kuerzlich-erschienen\/101-berlin-geheimtipps-und-top-ziele-reisefuehrer-von-iwanowski.html\" target=\"_blank\" rel=\"nofollow noopener noreferrer\" data-wpel-link=\"external\"><span style=\"color: #c52130;\">Iwanowski\u00b4s Reisef\u00fchrer 101 Berlin<\/span><\/a>, auch als <a class=\"ext-link\" title=\"\" href=\"http:\/\/www.iwanowski.de\/shop\/ebooks-neu\/101-berlin-geheimtipps-und-top-ziele-ebook-reisefuehrer-iwanowski.html\" target=\"_blank\" rel=\"nofollow noopener noreferrer\" data-wpel-link=\"external\"><span style=\"color: #c52130;\">ebook,<\/span><\/a> enth\u00e4lt viele aktuelle Reiseinfos und empfehlenswerte Restaurants f\u00fcr einen individuellen und erlebnisreichen Aufenthalt in Berlin. Der Versand der B\u00fccher innerhalb Deutschlands ist kostenlos.<\/span><\/p>","protected":false},"excerpt":{"rendered":"<p>Das Caf\u00e9 im schattigen und\u00a0gepflegten K\u00f6rnerpark in Neuk\u00f6lln ist wieder er\u00f6ffnet. Im Sommer (Juni bis August) werden hier sonnt\u00e4glich ab 18 Uhr kostenlose Konzerte angeboten. Der Park ist leicht vom U-Bahnhof Neuk\u00f6lln zu erreichen! Weitere Infos: www.cafe-im-koernerpark.de und www.esskultur-berlin.de Berlin-Tipp Nr. 46 in Michael Iwanowskis&hellip; <a class=\"read-more\" href=\"https:\/\/www.iwanowski.de\/blog\/news-aus-berlin-von-michael-iwanowski-cafe-am-koernerpark-ist-wieder-eroeffnet\/\" data-wpel-link=\"internal\">Weiterlesen<\/a><\/p>\n","protected":false},"author":301,"featured_media":16375,"comment_status":"open","ping_status":"open","sticky":false,"template":"","format":"standard","meta":{"ngg_post_thumbnail":0,"footnotes":""},"categories":[1,5057,6],"tags":[],"class_list":["post-16374","post","type-post","status-publish","format-standard","has-post-thumbnail","hentry","category-allgemein","category-berlin-europa","category-europa"],"_links":{"self":[{"href":"https:\/\/www.iwanowski.de\/blog\/wp-json\/wp\/v2\/posts\/16374","targetHints":{"allow":["GET"]}}],"collection":[{"href":"https:\/\/www.iwanowski.de\/blog\/wp-json\/wp\/v2\/posts"}],"about":[{"href":"https:\/\/www.iwanowski.de\/blog\/wp-json\/wp\/v2\/types\/post"}],"author":[{"embeddable":true,"href":"https:\/\/www.iwanowski.de\/blog\/wp-json\/wp\/v2\/users\/301"}],"replies":[{"embeddable":true,"href":"https:\/\/www.iwanowski.de\/blog\/wp-json\/wp\/v2\/comments?post=16374"}],"version-history":[{"count":3,"href":"https:\/\/www.iwanowski.de\/blog\/wp-json\/wp\/v2\/posts\/16374\/revisions"}],"predecessor-version":[{"id":16378,"href":"https:\/\/www.iwanowski.de\/blog\/wp-json\/wp\/v2\/posts\/16374\/revisions\/16378"}],"wp:featuredmedia":[{"embeddable":true,"href":"https:\/\/www.iwanowski.de\/blog\/wp-json\/wp\/v2\/media\/16375"}],"wp:attachment":[{"href":"https:\/\/www.iwanowski.de\/blog\/wp-json\/wp\/v2\/media?parent=16374"}],"wp:term":[{"taxonomy":"category","embeddable":true,"href":"https:\/\/www.iwanowski.de\/blog\/wp-json\/wp\/v2\/categories?post=16374"},{"taxonomy":"post_tag","embeddable":true,"href":"https:\/\/www.iwanowski.de\/blog\/wp-json\/wp\/v2\/tags?post=16374"}],"curies":[{"name":"wp","href":"https:\/\/api.w.org\/{rel}","templated":true}]}}